{"id":1247,"date":"2019-10-31T14:50:19","date_gmt":"2019-10-31T14:50:19","guid":{"rendered":"https:\/\/www.top5credits.com\/es\/?p=1247"},"modified":"2022-12-14T13:51:45","modified_gmt":"2022-12-14T13:51:45","slug":"origen-del-black-friday","status":"publish","type":"post","link":"https:\/\/www.top5credits.com\/es\/articulos\/origen-del-black-friday\/","title":{"rendered":"Origen del Black Friday"},"content":{"rendered":"\n<p>En la sociedad de consumo que vivimos, es dif\u00edcil no caer en la tentaci\u00f3n de entrar en una vor\u00e1gine de gastos. Si lo pensamos bien, <strong>las rebajas y periodos de compras se encadenan una detr\u00e1s de otra.<\/strong> A principios de a\u00f1o tenemos a los Reyes Magos, seguidos por las Rebajas de Invierno, despu\u00e9s tenemos el D\u00eda de la Madre, para entrar en Verano y sus gastos (incluidas las Rebajas de Verano), empezando el a\u00f1o lectivo con la vuelta al cole y su desembolso, llegando as\u00ed a las navidades no sin antes haber pasado por <a href=\"https:\/\/www.top5credits.com\/es\/articulos\/5-destinos-para-viajar-este-halloween\/\"><strong>Halloween<\/strong><\/a>, el D\u00eda del Padre o el <strong>Black Friday<\/strong>. Te contamos el Origen del Black Friday<\/p>\n\n\n\n<p>Parece hecho a posta, \u00bfNo es as\u00ed? y eso que no hemos contado todos los cumplea\u00f1os o aniversarios que nos har\u00e1n gastar m\u00e1s. Pues algunos afirman que, efectivamente, <strong>todos estos festivos se suceden de tal manera que no paremos nunca de gasta<\/strong>r. \u00bfEs esto cierto? \u00bfHay alguna base para que existan estas fechas, o es puro m\u00e1rketing?<\/p>\n\n\n\n<h2 class=\"wp-block-heading\">Black Friday, Origen del Nombre<\/h2>\n\n\n\n<p>Alrededor del Black Friday se han construido muchos bulos, y es que su nombre da mucho juego (\u00abViernes Negro\u00bb suena m\u00e1s a tragedia que a celebraci\u00f3n). <strong>Pero no todo lo que se lee en internet es cierto<\/strong>.<\/p>\n\n\n\n<p>Si bien es cierto que el nombre nace en Filadelfia, es <strong>rotundamente falso que se deba a los antiguos mercados de esclavos<\/strong>, un bulo que lleva circulando hace tiempo y no tiene ninguna base. No obstante, otras teor\u00edas parecen ser ciertas o parcialmente ciertas, ya que en realidad, <strong>la historia no es tan sencilla<\/strong> y tiene varias maneras de explicarse.<\/p>\n\n\n\n<p>Aunque sabemos a ciencia cierta que <strong>nace en Filadelfia en la d\u00e9cada de los 60<\/strong>, y se refiere <strong>al d\u00eda despu\u00e9s de Acci\u00f3n de Gracias<\/strong>, hay dos que son las teor\u00edas m\u00e1s plausibles. Una afirma que el nombre <strong>nace entre los polic\u00edas de tr\u00e1fico de la ciudad al referirse a las enormes colas y congestiones<\/strong> <strong>de carreteras<\/strong> que iban a encontrarse ese d\u00eda (recordemos que cae despu\u00e9s de Acci\u00f3n de Gracias, festividad muy importante en los Estados Unidos). Origen del Black Friday.<\/p>\n\n\n\n<h2 class=\"wp-block-heading\">Historia de las rebajas<\/h2>\n\n\n\n<p>Esta teor\u00eda parece la m\u00e1s cierta y m\u00e1s certera como el origen del t\u00e9rmino. Pero claro, <strong>\u00bfQu\u00e9 tiene que ver el tr\u00e1fico con bajar los precios? <\/strong>\u00bfQu\u00e9 tiene que ver con el Origen del Black Friday? Lo cierto es que entre los norteamericanos ya era costumbre rebajar los precios pasado Acci\u00f3n de Gracias. Esto es similar a nuestras Rebajas de Invierno, que empiezan justo despu\u00e9s de Reyes. Y aqu\u00ed es donde nace la segunda teor\u00eda.<\/p>\n\n\n\n<p>Existiendo ya este tipo de rebajas de manera natural (no fue ninguna invenci\u00f3n de ninguna multinacional, como se suele pensar), los comerciantes ver\u00edan c\u00f3mo los n\u00fameros rojos de sus cuentas volv\u00edan a ser positivos de nuevo. Esto, por supuesto, les evocaba al t\u00e9rmino que usaban los polic\u00edas de tr\u00e1fico de Filadelfia, ya que <strong>esos n\u00fameros rojos pasaban a ser n\u00fameros negros (en positivo). <\/strong><\/p>\n\n\n\n<figure class=\"wp-block-image size-large\"><img loading=\"lazy\" decoding=\"async\" width=\"768\" height=\"525\" src=\"https:\/\/cdn.top5credits.com\/es\/wp-content\/uploads\/sites\/8\/2019\/12\/el-corte-ingles-en-black-friday.jpg?cdn=1.1.1\" alt=\"el corte ingl\u00e9s en black friday\" class=\"wp-image-1584\" srcset=\"https:\/\/cdn.top5credits.com\/es\/wp-content\/uploads\/sites\/8\/2019\/12\/el-corte-ingles-en-black-friday.jpg?cdn=1.1.1 768w, https:\/\/cdn.top5credits.com\/es\/wp-content\/uploads\/sites\/8\/2019\/12\/el-corte-ingles-en-black-friday-300x205.jpg?cdn=1.1.1 300w\" sizes=\"auto, (max-width: 768px) 100vw, 768px\" \/><figcaption class=\"wp-element-caption\">En Espa\u00f1a, adem\u00e1s de adoptar el Black Friday, las grandes superficies lo  han convertido en un fin de semana que se encadena con el <a href=\"https:\/\/www.top5credits.com\/es\/articulos\/cyber-monday-en-espana\/\"><strong>Cyber Monday<\/strong><\/a>.<\/figcaption><\/figure>\n\n\n\n<h2 class=\"wp-block-heading\">Black Friday en Espa\u00f1a<\/h2>\n\n\n\n<p>La historia del Black Friday en Espa\u00f1a es muy reciente. Como hemos aprendido, incluso el t\u00e9rmino en s\u00ed nace hace menos de 100 a\u00f1os, por lo que su irrupci\u00f3n en nuestro pa\u00eds es pr\u00e1cticamente desde ayer.<\/p>\n\n\n\n<p>Esto sucede cuando <strong>MediaMarkt<\/strong>, compa\u00f1\u00eda cuyo origen es, curiosamente, alem\u00e1n y no americano, decide celebrarlo por primera vez <strong>en Noviembre de 2012<\/strong>. La raz\u00f3n por la que llega tan tarde no es otra si no<strong> las regulaciones del gobierno<\/strong>, que hasta ese a\u00f1o <strong>establec\u00edan desde el Estado los periodos de rebajas<\/strong>. Tan pronto como dicha ley desapareci\u00f3, el \u00abViernes Negro\u00bb empez\u00f3 a florecer.<\/p>\n\n\n\n<p>Al a\u00f1o siguiente, <strong>en 2013<\/strong>, el \u00e9xito de la compa\u00f1\u00eda germana fue emulado por todas las grandes superficies, incluidas <strong>Amazon <\/strong>y <strong>El Corte Ingl\u00e9s<\/strong>. Eso s\u00ed, los espa\u00f1oles, cuando hacemos algo, lo hacemos a lo grande: mientras que en su origen se trataba de un solo d\u00eda, nosotros lo hemos alargado todo un fin de semana hasta unirlo con el <a href=\"https:\/\/www.top5credits.com\/es\/articulos\/cyber-monday-en-espana\/\"><strong>Cyber Monday<\/strong><\/a>. Si es que no hay nada que nos guste m\u00e1s que hacer puente, \u00a1Aunque sea consumiendo!<\/p>\n\n\n\n<h2 class=\"wp-block-heading\">\u00bfAhorrar en Black Friday?<\/h2>\n\n\n\n<p>Hay que tener una cosa clara, y es que <strong>las rebajas existen para que las compa\u00f1\u00edas ganen dinero<\/strong>. Esto parece significar que, s\u00ed o s\u00ed, Black Friday es una fecha en la que vamos a gastar mucho y no ahorrar nada. <\/p>\n\n\n\n<p>Esto es cierto si lo miramos de una manera simple y cortoplacista. Por supuesto, comprar en Black Friday significa que vamos a gastar. Pero hay ciertos trucos que te pueden ayudar a <strong>que seas t\u00fa el que se aproveche de Black Friday, y no Black Friday quien se aproveche de ti<\/strong>.<\/p>\n\n\n\n<p>Un ejemplo es <strong>realizar las compras de Navidades en Black Friday<\/strong>. Estas compras son pr\u00e1cticamente inevitables, y se han de hacer en alg\u00fan momento. Si eres previsor y sabes qu\u00e9 querr\u00e1n tus seres queridos, es el momento ideal para ahorrar un buen porcentaje de esas compras.<\/p>\n\n\n\n<p>Esto se puede aplicar a <strong>cualquier escenario en el que preveamos un desembolso grande<\/strong>. Digamos que necesitamos renovar armario para invierno (\u00a1O verano!), que quieres actualizar tu equipo inform\u00e1tico, lanzarte a la aventura de montar un negocio o hacerte <a href=\"https:\/\/www.top5credits.com\/es\/articulos\/pasos-a-seguir-para-hacerse-freelance\/\"><strong>Freelance<\/strong><\/a>&#8230; cualquier escenario en el que vayas a realizar un gran volumen de compras en breve, aprovecha las rebajas.<\/p>\n\n\n\n<p>Tampoco te dejes engatusar por las primeras ofertas que veas. Comparar es la clave: no vayas a una gran superficie dispuesto a gastarte tu sueldo en las mejores ofertas. <strong>Recuerda que negocios online  tambi\u00e9n cuentan con rebajas<\/strong> y puede que incluso ahorres m\u00e1s que comprando en un establecimiento. SI no te f\u00edas y necesitas probarte las prendas antes de comprarlas online, tienes dos opciones. Puedes comparar las webs de los diferentes establecimientos, o simplenente puedes <strong>probarte la prenda en el establecimiento y comprala online<\/strong>.<\/p>\n\n\n\n<figure class=\"wp-block-image size-large\"><img loading=\"lazy\" decoding=\"async\" width=\"768\" height=\"500\" src=\"https:\/\/cdn.top5credits.com\/es\/wp-content\/uploads\/sites\/8\/2019\/12\/ahorrando-en-black-friday.jpg?cdn=1.1.1\" alt=\"ahorrando en black friday\" class=\"wp-image-1585\" srcset=\"https:\/\/cdn.top5credits.com\/es\/wp-content\/uploads\/sites\/8\/2019\/12\/ahorrando-en-black-friday.jpg?cdn=1.1.1 768w, https:\/\/cdn.top5credits.com\/es\/wp-content\/uploads\/sites\/8\/2019\/12\/ahorrando-en-black-friday-300x195.jpg?cdn=1.1.1 300w\" sizes=\"auto, (max-width: 768px) 100vw, 768px\" \/><figcaption class=\"wp-element-caption\"> Es posible cambiar las tornas y que en Black Friday seas t\u00fa quien se  aprovecha de los bancos y los comercios, consumiendo de manera  responsable e inteligente. <\/figcaption><\/figure>\n\n\n\n<h2 class=\"wp-block-heading\">Aprovecharse de los bancos y financieras<\/h2>\n\n\n\n<p>Si ves que esas compras inevitables te van a salir m\u00e1s baratas si aprovechas el Black Friday, <strong>aprovecha<\/strong>. Puede que en ese mes no dispongas de tanto dinero, pero <strong>siempre y cuando veas que al final acabar\u00e1s ahorrando<\/strong>, puedes pedir un adelanto o incluso un <a href=\"https:\/\/www.top5credits.com\/es\/prestamos-personales-baratos\/\"><strong>pr\u00e9stamo personal barato<\/strong><\/a>. Pero ojo con esta opci\u00f3n ya que deber\u00e1s calcular que sigues ahorrando a\u00fan pagando las comisiones del cr\u00e9dito. Una buena opci\u00f3n es aprovechar <a href=\"https:\/\/www.top5credits.com\/es\/microprestamos\/\"><strong>micropr\u00e9stamos<\/strong> <\/a>con el primer pr\u00e9stamo al 0% de inter\u00e9s, como el de <a href=\"https:\/\/www.top5credits.com\/es\/opiniones\/vivus\/\"><strong>Vivus<\/strong><\/a>, o incluso hacer tus compras mediante alguna tarjeta de cr\u00e9dito, como la <a href=\"https:\/\/www.top5credits.com\/es\/opiniones\/wizink-prestamo\/\"><strong>Tarjeta Oro de Wizink<\/strong><\/a>, sin aplazar las mismas y as\u00ed no pagar intereses.<\/p>\n\n\n\n<p>Eso s\u00ed, sigue siempre <strong><a href=\"https:\/\/www.top5credits.com\/es\/articulos\/regla-50-20-30\/\">la regla de oro<\/a><\/strong>. La manera de aprovechar realmente las rebajas es comprar aquello que comprar\u00edas a pesar de no estar rebajado. Es muy sencillo caer en la tentaci\u00f3n de empezar a comprar prendas, objetos o aparatos que realmente no deseamos, pero que simplemente est\u00e1n muy baratos. Piensa que de sea manera, muerdes el anzuelo. <strong>Nunca compres lo que no deseas o necesitas<\/strong>.<\/p>\n","protected":false},"excerpt":{"rendered":"<p>En la sociedad de consumo que vivimos, es dif\u00edcil no caer en la tentaci\u00f3n de entrar en una vor\u00e1gine de gastos. Si lo pensamos bien,<\/p>\n<p class=\"more-link\">Seguir leyendo <span class=\"screen-reader-text\">Origen del Black Friday<\/span><\/p>\n","protected":false},"author":13,"featured_media":1583,"comment_status":"closed","ping_status":"closed","sticky":false,"template":"page-artikkeli.php","format":"standard","meta":{"footnotes":""},"categories":[18],"tags":[],"class_list":["post-1247","post","type-post","status-publish","format-standard","has-post-thumbnail","hentry","category-articulos","entry"],"yoast_head":"<!-- This site is optimized with the Yoast SEO plugin v27.3 - https:\/\/yoast.com\/product\/yoast-seo-wordpress\/ -->\n<title>Origen del Black Friday - Top5Credits.com<\/title>\n<meta name=\"description\" content=\"\u00bfEl origen del Black Friday viene del esclavismo? \u00bfEs un invento de las multinacionales? En Top5Credits te aclaramos las dudas.\" \/>\n<meta name=\"robots\" content=\"index, follow, max-snippet:-1, max-image-preview:large, max-video-preview:-1\" \/>\n<link rel=\"canonical\" href=\"https:\/\/www.top5credits.com\/es\/articulos\/origen-del-black-friday\/\" \/>\n<meta property=\"og:locale\" content=\"es_ES\" \/>\n<meta property=\"og:type\" content=\"article\" \/>\n<meta property=\"og:title\" content=\"Origen del Black Friday - Top5Credits.com\" \/>\n<meta property=\"og:description\" content=\"\u00bfEl origen del Black Friday viene del esclavismo? \u00bfEs un invento de las multinacionales? En Top5Credits te aclaramos las dudas.\" \/>\n<meta property=\"og:url\" content=\"https:\/\/www.top5credits.com\/es\/articulos\/origen-del-black-friday\/\" \/>\n<meta property=\"og:site_name\" content=\"Top5Credits.com Espa\u00f1a\" \/>\n<meta property=\"article:publisher\" content=\"https:\/\/www.facebook.com\/Top5Creditscom-Espa%c3%b1a-109158667157057\" \/>\n<meta property=\"article:published_time\" content=\"2019-10-31T14:50:19+00:00\" \/>\n<meta property=\"article:modified_time\" content=\"2022-12-14T13:51:45+00:00\" \/>\n<meta property=\"og:image\" content=\"https:\/\/cdn.top5credits.com\/es\/wp-content\/uploads\/sites\/8\/2019\/10\/origen-black-friday.jpg?cdn=1.1.1\" \/>\n\t<meta property=\"og:image:width\" content=\"627\" \/>\n\t<meta property=\"og:image:height\" content=\"418\" \/>\n\t<meta property=\"og:image:type\" content=\"image\/jpeg\" \/>\n<meta name=\"author\" content=\"Ad\u00e1n\" \/>\n<meta name=\"twitter:card\" content=\"summary_large_image\" \/>\n<meta name=\"twitter:label1\" content=\"Escrito por\" \/>\n\t<meta name=\"twitter:data1\" content=\"Ad\u00e1n\" \/>\n\t<meta name=\"twitter:label2\" content=\"Tiempo de lectura\" \/>\n\t<meta name=\"twitter:data2\" content=\"6 minutos\" \/>\n<script type=\"application\/ld+json\" class=\"yoast-schema-graph\">{\"@context\":\"https:\\\/\\\/schema.org\",\"@graph\":[{\"@type\":\"Article\",\"@id\":\"https:\\\/\\\/www.top5credits.com\\\/es\\\/articulos\\\/origen-del-black-friday\\\/#article\",\"isPartOf\":{\"@id\":\"https:\\\/\\\/www.top5credits.com\\\/es\\\/articulos\\\/origen-del-black-friday\\\/\"},\"author\":{\"name\":\"Ad\u00e1n\",\"@id\":\"https:\\\/\\\/www.top5credits.com\\\/es\\\/#\\\/schema\\\/person\\\/0c7d80985d360536fbadde1795becf08\"},\"headline\":\"Origen del Black Friday\",\"datePublished\":\"2019-10-31T14:50:19+00:00\",\"dateModified\":\"2022-12-14T13:51:45+00:00\",\"mainEntityOfPage\":{\"@id\":\"https:\\\/\\\/www.top5credits.com\\\/es\\\/articulos\\\/origen-del-black-friday\\\/\"},\"wordCount\":1280,\"publisher\":{\"@id\":\"https:\\\/\\\/www.top5credits.com\\\/es\\\/#organization\"},\"image\":{\"@id\":\"https:\\\/\\\/www.top5credits.com\\\/es\\\/articulos\\\/origen-del-black-friday\\\/#primaryimage\"},\"thumbnailUrl\":\"https:\\\/\\\/www.top5credits.com\\\/es\\\/wp-content\\\/uploads\\\/sites\\\/8\\\/2019\\\/10\\\/origen-black-friday.jpg\",\"articleSection\":[\"Art\u00edculos\"],\"inLanguage\":\"es\"},{\"@type\":\"WebPage\",\"@id\":\"https:\\\/\\\/www.top5credits.com\\\/es\\\/articulos\\\/origen-del-black-friday\\\/\",\"url\":\"https:\\\/\\\/www.top5credits.com\\\/es\\\/articulos\\\/origen-del-black-friday\\\/\",\"name\":\"Origen del Black Friday - Top5Credits.com\",\"isPartOf\":{\"@id\":\"https:\\\/\\\/www.top5credits.com\\\/es\\\/#website\"},\"primaryImageOfPage\":{\"@id\":\"https:\\\/\\\/www.top5credits.com\\\/es\\\/articulos\\\/origen-del-black-friday\\\/#primaryimage\"},\"image\":{\"@id\":\"https:\\\/\\\/www.top5credits.com\\\/es\\\/articulos\\\/origen-del-black-friday\\\/#primaryimage\"},\"thumbnailUrl\":\"https:\\\/\\\/www.top5credits.com\\\/es\\\/wp-content\\\/uploads\\\/sites\\\/8\\\/2019\\\/10\\\/origen-black-friday.jpg\",\"datePublished\":\"2019-10-31T14:50:19+00:00\",\"dateModified\":\"2022-12-14T13:51:45+00:00\",\"description\":\"\u00bfEl origen del Black Friday viene del esclavismo? \u00bfEs un invento de las multinacionales? En Top5Credits te aclaramos las dudas.\",\"breadcrumb\":{\"@id\":\"https:\\\/\\\/www.top5credits.com\\\/es\\\/articulos\\\/origen-del-black-friday\\\/#breadcrumb\"},\"inLanguage\":\"es\",\"potentialAction\":[{\"@type\":\"ReadAction\",\"target\":[\"https:\\\/\\\/www.top5credits.com\\\/es\\\/articulos\\\/origen-del-black-friday\\\/\"]}]},{\"@type\":\"ImageObject\",\"inLanguage\":\"es\",\"@id\":\"https:\\\/\\\/www.top5credits.com\\\/es\\\/articulos\\\/origen-del-black-friday\\\/#primaryimage\",\"url\":\"https:\\\/\\\/www.top5credits.com\\\/es\\\/wp-content\\\/uploads\\\/sites\\\/8\\\/2019\\\/10\\\/origen-black-friday.jpg\",\"contentUrl\":\"https:\\\/\\\/www.top5credits.com\\\/es\\\/wp-content\\\/uploads\\\/sites\\\/8\\\/2019\\\/10\\\/origen-black-friday.jpg\",\"width\":627,\"height\":418,\"caption\":\"Conoce el aut\u00e9ntico origen del Black Friday\"},{\"@type\":\"BreadcrumbList\",\"@id\":\"https:\\\/\\\/www.top5credits.com\\\/es\\\/articulos\\\/origen-del-black-friday\\\/#breadcrumb\",\"itemListElement\":[{\"@type\":\"ListItem\",\"position\":1,\"name\":\"Top5Credits.com\",\"item\":\"https:\\\/\\\/www.top5credits.com\\\/es\\\/\"},{\"@type\":\"ListItem\",\"position\":2,\"name\":\"Art\u00edculos\",\"item\":\"https:\\\/\\\/www.top5credits.com\\\/es\\\/articulos\\\/\"},{\"@type\":\"ListItem\",\"position\":3,\"name\":\"Origen del Black Friday\"}]},{\"@type\":\"WebSite\",\"@id\":\"https:\\\/\\\/www.top5credits.com\\\/es\\\/#website\",\"url\":\"https:\\\/\\\/www.top5credits.com\\\/es\\\/\",\"name\":\"Top5Credits.com Espa\u00f1a\",\"description\":\"\",\"publisher\":{\"@id\":\"https:\\\/\\\/www.top5credits.com\\\/es\\\/#organization\"},\"potentialAction\":[{\"@type\":\"SearchAction\",\"target\":{\"@type\":\"EntryPoint\",\"urlTemplate\":\"https:\\\/\\\/www.top5credits.com\\\/es\\\/?s={search_term_string}\"},\"query-input\":{\"@type\":\"PropertyValueSpecification\",\"valueRequired\":true,\"valueName\":\"search_term_string\"}}],\"inLanguage\":\"es\"},{\"@type\":\"Organization\",\"@id\":\"https:\\\/\\\/www.top5credits.com\\\/es\\\/#organization\",\"name\":\"Top5Credits.com\",\"url\":\"https:\\\/\\\/www.top5credits.com\\\/es\\\/\",\"logo\":{\"@type\":\"ImageObject\",\"inLanguage\":\"es\",\"@id\":\"https:\\\/\\\/www.top5credits.com\\\/es\\\/#\\\/schema\\\/logo\\\/image\\\/\",\"url\":\"https:\\\/\\\/cdn.top5credits.com\\\/es\\\/wp-content\\\/uploads\\\/sites\\\/8\\\/2023\\\/10\\\/t5c-favicon.png\",\"contentUrl\":\"https:\\\/\\\/cdn.top5credits.com\\\/es\\\/wp-content\\\/uploads\\\/sites\\\/8\\\/2023\\\/10\\\/t5c-favicon.png\",\"width\":512,\"height\":512,\"caption\":\"Top5Credits.com\"},\"image\":{\"@id\":\"https:\\\/\\\/www.top5credits.com\\\/es\\\/#\\\/schema\\\/logo\\\/image\\\/\"},\"sameAs\":[\"https:\\\/\\\/www.facebook.com\\\/Top5Creditscom-Espa\u00f1a-109158667157057\"]},{\"@type\":\"Person\",\"@id\":\"https:\\\/\\\/www.top5credits.com\\\/es\\\/#\\\/schema\\\/person\\\/0c7d80985d360536fbadde1795becf08\",\"name\":\"Ad\u00e1n\",\"description\":\"Apasionado por el arte, la actualidad y la escritura. Con a\u00f1os de experiencia en finanzas y seguros, compaginado con varias colaboraciones con medios como Vice Espa\u00f1a y Movistar+.\",\"url\":\"https:\\\/\\\/www.top5credits.com\\\/es\\\/author\\\/adan\\\/\"}]}<\/script>\n<!-- \/ Yoast SEO plugin. -->","yoast_head_json":{"title":"Origen del Black Friday - Top5Credits.com","description":"\u00bfEl origen del Black Friday viene del esclavismo? \u00bfEs un invento de las multinacionales? En Top5Credits te aclaramos las dudas.","robots":{"index":"index","follow":"follow","max-snippet":"max-snippet:-1","max-image-preview":"max-image-preview:large","max-video-preview":"max-video-preview:-1"},"canonical":"https:\/\/www.top5credits.com\/es\/articulos\/origen-del-black-friday\/","og_locale":"es_ES","og_type":"article","og_title":"Origen del Black Friday - Top5Credits.com","og_description":"\u00bfEl origen del Black Friday viene del esclavismo? \u00bfEs un invento de las multinacionales? En Top5Credits te aclaramos las dudas.","og_url":"https:\/\/www.top5credits.com\/es\/articulos\/origen-del-black-friday\/","og_site_name":"Top5Credits.com Espa\u00f1a","article_publisher":"https:\/\/www.facebook.com\/Top5Creditscom-Espa%c3%b1a-109158667157057","article_published_time":"2019-10-31T14:50:19+00:00","article_modified_time":"2022-12-14T13:51:45+00:00","og_image":[{"width":627,"height":418,"url":"https:\/\/cdn.top5credits.com\/es\/wp-content\/uploads\/sites\/8\/2019\/10\/origen-black-friday.jpg?cdn=1.1.1","type":"image\/jpeg"}],"author":"Ad\u00e1n","twitter_card":"summary_large_image","twitter_misc":{"Escrito por":"Ad\u00e1n","Tiempo de lectura":"6 minutos"},"schema":{"@context":"https:\/\/schema.org","@graph":[{"@type":"Article","@id":"https:\/\/www.top5credits.com\/es\/articulos\/origen-del-black-friday\/#article","isPartOf":{"@id":"https:\/\/www.top5credits.com\/es\/articulos\/origen-del-black-friday\/"},"author":{"name":"Ad\u00e1n","@id":"https:\/\/www.top5credits.com\/es\/#\/schema\/person\/0c7d80985d360536fbadde1795becf08"},"headline":"Origen del Black Friday","datePublished":"2019-10-31T14:50:19+00:00","dateModified":"2022-12-14T13:51:45+00:00","mainEntityOfPage":{"@id":"https:\/\/www.top5credits.com\/es\/articulos\/origen-del-black-friday\/"},"wordCount":1280,"publisher":{"@id":"https:\/\/www.top5credits.com\/es\/#organization"},"image":{"@id":"https:\/\/www.top5credits.com\/es\/articulos\/origen-del-black-friday\/#primaryimage"},"thumbnailUrl":"https:\/\/cdn.top5credits.com\/es\/wp-content\/uploads\/sites\/8\/2019\/10\/origen-black-friday.jpg?cdn=1.1.1","articleSection":["Art\u00edculos"],"inLanguage":"es"},{"@type":"WebPage","@id":"https:\/\/www.top5credits.com\/es\/articulos\/origen-del-black-friday\/","url":"https:\/\/www.top5credits.com\/es\/articulos\/origen-del-black-friday\/","name":"Origen del Black Friday - Top5Credits.com","isPartOf":{"@id":"https:\/\/www.top5credits.com\/es\/#website"},"primaryImageOfPage":{"@id":"https:\/\/www.top5credits.com\/es\/articulos\/origen-del-black-friday\/#primaryimage"},"image":{"@id":"https:\/\/www.top5credits.com\/es\/articulos\/origen-del-black-friday\/#primaryimage"},"thumbnailUrl":"https:\/\/cdn.top5credits.com\/es\/wp-content\/uploads\/sites\/8\/2019\/10\/origen-black-friday.jpg?cdn=1.1.1","datePublished":"2019-10-31T14:50:19+00:00","dateModified":"2022-12-14T13:51:45+00:00","description":"\u00bfEl origen del Black Friday viene del esclavismo? \u00bfEs un invento de las multinacionales? En Top5Credits te aclaramos las dudas.","breadcrumb":{"@id":"https:\/\/www.top5credits.com\/es\/articulos\/origen-del-black-friday\/#breadcrumb"},"inLanguage":"es","potentialAction":[{"@type":"ReadAction","target":["https:\/\/www.top5credits.com\/es\/articulos\/origen-del-black-friday\/"]}]},{"@type":"ImageObject","inLanguage":"es","@id":"https:\/\/www.top5credits.com\/es\/articulos\/origen-del-black-friday\/#primaryimage","url":"https:\/\/cdn.top5credits.com\/es\/wp-content\/uploads\/sites\/8\/2019\/10\/origen-black-friday.jpg?cdn=1.1.1","contentUrl":"https:\/\/cdn.top5credits.com\/es\/wp-content\/uploads\/sites\/8\/2019\/10\/origen-black-friday.jpg?cdn=1.1.1","width":627,"height":418,"caption":"Conoce el aut\u00e9ntico origen del Black Friday"},{"@type":"BreadcrumbList","@id":"https:\/\/www.top5credits.com\/es\/articulos\/origen-del-black-friday\/#breadcrumb","itemListElement":[{"@type":"ListItem","position":1,"name":"Top5Credits.com","item":"https:\/\/www.top5credits.com\/es\/"},{"@type":"ListItem","position":2,"name":"Art\u00edculos","item":"https:\/\/www.top5credits.com\/es\/articulos\/"},{"@type":"ListItem","position":3,"name":"Origen del Black Friday"}]},{"@type":"WebSite","@id":"https:\/\/www.top5credits.com\/es\/#website","url":"https:\/\/www.top5credits.com\/es\/","name":"Top5Credits.com Espa\u00f1a","description":"","publisher":{"@id":"https:\/\/www.top5credits.com\/es\/#organization"},"potentialAction":[{"@type":"SearchAction","target":{"@type":"EntryPoint","urlTemplate":"https:\/\/www.top5credits.com\/es\/?s={search_term_string}"},"query-input":{"@type":"PropertyValueSpecification","valueRequired":true,"valueName":"search_term_string"}}],"inLanguage":"es"},{"@type":"Organization","@id":"https:\/\/www.top5credits.com\/es\/#organization","name":"Top5Credits.com","url":"https:\/\/www.top5credits.com\/es\/","logo":{"@type":"ImageObject","inLanguage":"es","@id":"https:\/\/www.top5credits.com\/es\/#\/schema\/logo\/image\/","url":"https:\/\/cdn.top5credits.com\/es\/wp-content\/uploads\/sites\/8\/2023\/10\/t5c-favicon.png","contentUrl":"https:\/\/cdn.top5credits.com\/es\/wp-content\/uploads\/sites\/8\/2023\/10\/t5c-favicon.png","width":512,"height":512,"caption":"Top5Credits.com"},"image":{"@id":"https:\/\/www.top5credits.com\/es\/#\/schema\/logo\/image\/"},"sameAs":["https:\/\/www.facebook.com\/Top5Creditscom-Espa\u00f1a-109158667157057"]},{"@type":"Person","@id":"https:\/\/www.top5credits.com\/es\/#\/schema\/person\/0c7d80985d360536fbadde1795becf08","name":"Ad\u00e1n","description":"Apasionado por el arte, la actualidad y la escritura. Con a\u00f1os de experiencia en finanzas y seguros, compaginado con varias colaboraciones con medios como Vice Espa\u00f1a y Movistar+.","url":"https:\/\/www.top5credits.com\/es\/author\/adan\/"}]}},"_links":{"self":[{"href":"https:\/\/www.top5credits.com\/es\/wp-json\/wp\/v2\/posts\/1247","targetHints":{"allow":["GET"]}}],"collection":[{"href":"https:\/\/www.top5credits.com\/es\/wp-json\/wp\/v2\/posts"}],"about":[{"href":"https:\/\/www.top5credits.com\/es\/wp-json\/wp\/v2\/types\/post"}],"author":[{"embeddable":true,"href":"https:\/\/www.top5credits.com\/es\/wp-json\/wp\/v2\/users\/13"}],"replies":[{"embeddable":true,"href":"https:\/\/www.top5credits.com\/es\/wp-json\/wp\/v2\/comments?post=1247"}],"version-history":[{"count":0,"href":"https:\/\/www.top5credits.com\/es\/wp-json\/wp\/v2\/posts\/1247\/revisions"}],"wp:featuredmedia":[{"embeddable":true,"href":"https:\/\/www.top5credits.com\/es\/wp-json\/wp\/v2\/media\/1583"}],"wp:attachment":[{"href":"https:\/\/www.top5credits.com\/es\/wp-json\/wp\/v2\/media?parent=1247"}],"wp:term":[{"taxonomy":"category","embeddable":true,"href":"https:\/\/www.top5credits.com\/es\/wp-json\/wp\/v2\/categories?post=1247"},{"taxonomy":"post_tag","embeddable":true,"href":"https:\/\/www.top5credits.com\/es\/wp-json\/wp\/v2\/tags?post=1247"}],"curies":[{"name":"wp","href":"https:\/\/api.w.org\/{rel}","templated":true}]}}