{"id":14720,"date":"2023-12-27T08:20:09","date_gmt":"2023-12-27T08:20:09","guid":{"rendered":"https:\/\/www.top5credits.com\/es\/?p=14720"},"modified":"2024-02-29T08:41:47","modified_gmt":"2024-02-29T08:41:47","slug":"modelo-036-que-es-quien-debe-presentarlo-como-y-donde-hacerlo","status":"publish","type":"post","link":"https:\/\/www.top5credits.com\/es\/documentos\/modelo-036-que-es-quien-debe-presentarlo-como-y-donde-hacerlo\/","title":{"rendered":"Modelo 036: \u00bfQu\u00e9 es? \u00bfQui\u00e9n debe presentarlo? \u00bfC\u00f3mo y d\u00f3nde hacerlo?"},"content":{"rendered":"\n<p>E<strong>l Modelo 036 es la declaraci\u00f3n censal de alta, modificaci\u00f3n y baja en el censo de empresarios, profesionales y retenedores. <\/strong>Para cualquier persona que decide comenzar una actividad empresarial o profesional, ya sea bajo la figura de aut\u00f3nomo o como figura jur\u00eddica, <strong>obligatoriamente debe notificarlo<\/strong> al organismo correspondiente, en este caso es <strong>a la Agencia Estatal de Administraci\u00f3n Tributaria (AEAT).&nbsp;<\/strong><\/p>\n\n\n\n<p>Por medio del Modelo 036 se estar\u00e1<strong> formalizando el inicio de la actividad ante el organismo regulador<\/strong>, es este uno de los primeros pasos que se deben realizar para poder figurar en el censo de empresarios, profesionales y retenedores. As\u00ed mismo, este <strong>modelo tambi\u00e9n deber\u00e1 presentarse en los casos que se efect\u00faen modificaciones <\/strong>a la declaraci\u00f3n del alta o en el supuesto que <strong>haya cesado la actividad empresarial o profesional.<\/strong><\/p>\n\n\n\n<h2 class=\"wp-block-heading\">\u00bfQu\u00e9 es el Modelo 036?<\/h2>\n\n\n\n<p>El Modelo 036 es la declaraci\u00f3n censal de alta, modificaci\u00f3n y baja en el censo de empresarios, profesionales y retenedores.<strong> Por medio de este documento se le informa a la Agencia Tributaria<\/strong> de todos <strong>los datos que corresponden <\/strong>a la persona que se va a iniciar en la actividad empresarial y cu\u00e1les ser\u00e1n sus <strong>obligaciones fiscales<\/strong>. Estos datos pueden ser:<\/p>\n\n\n\n<ul class=\"wp-block-list\">\n<li><strong>Nombre <\/strong>y apellido<\/li>\n\n\n\n<li><strong>NIF<\/strong><\/li>\n\n\n\n<li><strong>Domicilio <\/strong>fiscal<\/li>\n\n\n\n<li><strong>Declaraci\u00f3n<\/strong> de actividades econ\u00f3micas y locales<\/li>\n<\/ul>\n\n\n\n<h2 class=\"wp-block-heading\">\u00bfPara qu\u00e9 sirve el Modelo 036?<\/h2>\n\n\n\n<p>Es el documento por el cual<strong> informamos a la Agencia Tributaria de todos nuestros datos censales <\/strong>con el fin de darnos de alta en el censo de empresarios, profesionales y retenedores en r\u00e9gimen general.<\/p>\n\n\n\n<p>Dicho en otras palabras, a trav\u00e9s del Modelo 036 estaremos informando al organismo correspondiente (AEAT) del <strong>inicio de nuestra actividad<\/strong>, ya sea que arrancamos <strong>como aut\u00f3nomos o por medio de una figura jur\u00eddica.<\/strong><\/p>\n\n\n\n<h2 class=\"wp-block-heading\">\u00bfQui\u00e9nes est\u00e1n obligados a declarar?<\/h2>\n\n\n\n<p>Se establecen <strong>tres tipos de situaciones <\/strong>en los que se debe declarar la presentaci\u00f3n del Modelo 036. Involucra a toda persona f\u00edsica o jur\u00eddica que desea <strong>darse de alta, que ha realizado alguna modificaci\u00f3n en su declaraci\u00f3n o va a darse de baja.<\/strong> Te explicamos los tres casos:<\/p>\n\n\n\n<h3 class=\"wp-block-heading\">Declaraci\u00f3n del alta: <\/h3>\n\n\n\n<p>Toda persona que vaya a iniciar una actividad profesional y cumpla con alguna de estas caracter\u00edsticas:<\/p>\n\n\n\n<ul class=\"wp-block-list\">\n<li><strong>Empresarios o Profesionales <\/strong>que den comienzo al ejercicio de una o varias actividades econ\u00f3micas en territorio espa\u00f1ol.<\/li>\n\n\n\n<li><strong>Toda persona, aunque no act\u00fae como empresario o profesional<\/strong>, pero que abone rentas sujetas a retenci\u00f3n o ingresos a cuenta, que efect\u00faen entregas o adquisiciones intracomunitarias de bienes sujetas al IVA, aunque no act\u00faen como empresarios o profesionales.<\/li>\n\n\n\n<li><strong>Aquellos empresarios o profesionales que sean destinatarios de servicios prestados por empresarios o profesionales<\/strong> que no est\u00e1n establecidos en el territorio de aplicaci\u00f3n del IVA respecto de los cuales sean sujetos pasivos.<\/li>\n\n\n\n<li><strong>Todo empresario o profesional que preste servicio que no se localice en el territorio de aplicaci\u00f3n del IVA<\/strong> cuando el sujeto pasivo sea el destinatario de los mismos.<\/li>\n\n\n\n<li><strong>Los no residentes que operen en territorio espa\u00f1ol<\/strong> mediante el establecimiento permanente o satisfagan en dicho territorio rentas sujetas a retenci\u00f3n o ingreso a cuenta, as\u00ed como las entidades en r\u00e9gimen de atribuci\u00f3n de rentas constituidas en el extranjero con presencia en territorio espa\u00f1ol.<\/li>\n\n\n\n<li><strong>Socios, herederos, comuneros o part\u00edcipes <\/strong>de entidades en r\u00e9gimen de atribuci\u00f3n de rentas que tengan obligaciones tributarias derivadas de su condici\u00f3n de miembros de tales entidades.<\/li>\n\n\n\n<li><strong>Los no establecidos en el territorio de aplicaci\u00f3n del IVA <\/strong>que sean sujetos pasivos del mismo, excepto que hubieran resultado exonerados del cumplimiento de obligaciones censales por el departamento de Gesti\u00f3n Tributaria de la Agencia Tributaria.<\/li>\n\n\n\n<li><strong>Las personas jur\u00eddicas y f\u00edsicas<\/strong> que no dispongan del N\u00famero de Identificaci\u00f3n Fiscal (NIF).<\/li>\n<\/ul>\n\n\n\n<h3 class=\"wp-block-heading\">Declaraci\u00f3n de modificaci\u00f3n: <\/h3>\n\n\n\n<p>Todas las personas o entidades deber\u00e1n presentar esta declaraci\u00f3n cuando:<\/p>\n\n\n\n<ul class=\"wp-block-list\">\n<li>Haya <strong>cambiado cualquier dato identificativo<\/strong> como el domicilio fiscal.<\/li>\n\n\n\n<li>Var\u00ede <strong>cualquier otro dato que est\u00e9 consignado en la declaraci\u00f3n del alta<\/strong> o en alguna declaraci\u00f3n de modificaci\u00f3n posterior.<\/li>\n\n\n\n<li><strong>Las personas o entidades que se encuentren inactivas<\/strong> y no hayan culminado el proceso de disoluci\u00f3n, deber\u00e1n declarar este hecho y colocar que est\u00e1n en proceso de liquidaci\u00f3n utilizando la casilla 140.<\/li>\n<\/ul>\n\n\n\n<h3 class=\"wp-block-heading\">Declaraci\u00f3n de baja: <\/h3>\n\n\n\n<p>Toda persona f\u00edsica o entidad jur\u00eddica que cese en el desarrollo de la actividad profesional o empresarial, en casos como:<\/p>\n\n\n\n<ul class=\"wp-block-list\">\n<li>El <strong>cese de actividades<\/strong> empresariales y profesionales<\/li>\n\n\n\n<li><strong>Dejar de satisfacer <\/strong>rendimientos sujetos a retenci\u00f3n<\/li>\n\n\n\n<li>Disoluci\u00f3n y<strong> liquidaci\u00f3n<\/strong><\/li>\n\n\n\n<li>Absorci\u00f3n<\/li>\n\n\n\n<li>Fusi\u00f3n<\/li>\n\n\n\n<li><strong>Escisi\u00f3n<\/strong> total<\/li>\n\n\n\n<li><strong>Otras causas de baja<\/strong> en el Censo de Obligados Tributarios<\/li>\n\n\n\n<li>Que las<strong> adquisiciones Intracomunitarias <\/strong>de Bienes dejen de estar sujetas<\/li>\n\n\n\n<li><strong>Dejar de tener obligaciones<\/strong> por ser miembro o part\u00edcipe de una entidad<\/li>\n\n\n\n<li>Fallecimiento<\/li>\n<\/ul>\n\n\n\n<h2 class=\"wp-block-heading\">C\u00f3mo y d\u00f3nde presentar el Modelo 036<\/h2>\n\n\n\n<p>Este modelo puede presentarse a trav\u00e9s de <strong>dos canales<\/strong>, de manera<strong> impresa o por v\u00eda web. <\/strong>En este apartado te explicamos ambos:<\/p>\n\n\n\n<h3 class=\"wp-block-heading\">Presentaci\u00f3n v\u00eda web<\/h3>\n\n\n\n<ul class=\"wp-block-list\">\n<li>Con Certificado electr\u00f3nico<\/li>\n\n\n\n<li>Con Cl@ve Pin<\/li>\n<\/ul>\n\n\n\n<p><strong>Nota:<\/strong> Las personas que vayan a <strong>efectuar la solicitud del NIF<\/strong> o deseen <strong>comunicar la renuncia de los part\u00edcipes<\/strong> de una entidad en r\u00e9gimen (de atribuci\u00f3n de rentas a estimaci\u00f3n, de estimaci\u00f3n directa simplificada en IRPF o del r\u00e9gimen especial simplificado, de la agricultura, ganader\u00eda y pesca en el IVA), <strong>no podr\u00e1n realizar la presentaci\u00f3n v\u00eda web.<\/strong><\/p>\n\n\n\n<p>Esto quiere decir que<strong> en ambos casos <\/strong>deber\u00e1n hacer la presentaci\u00f3n censal <strong>de manera impresa.<\/strong><\/p>\n\n\n\n<h3 class=\"wp-block-heading\">Presentaci\u00f3n impresa<\/h3>\n\n\n\n<ul class=\"wp-block-list\">\n<li>A trav\u00e9s de la sede electr\u00f3nica con el <strong>modelo impreso en PDF<\/strong><\/li>\n\n\n\n<li><strong>Pre-impreso por las delegaciones<\/strong> y administraciones de la Agencia Tributaria<\/li>\n<\/ul>\n\n\n\n<div class=\"wp-block-buttons is-content-justification-center is-layout-flex wp-container-core-buttons-is-layout-16018d1d wp-block-buttons-is-layout-flex\">\n<div class=\"wp-block-button\"><a class=\"wp-block-button__link wp-element-button\" href=\"https:\/\/sede.agenciatributaria.gob.es\/Sede\/procedimientoini\/G322.shtml\">Descargar PDF Modelo 036<\/a><\/div>\n<\/div>\n\n\n\n<h3 class=\"wp-block-heading\">Se puede presentar en:<\/h3>\n\n\n\n<ul class=\"wp-block-list\">\n<li><strong>Administraci\u00f3n<\/strong><\/li>\n\n\n\n<li>Delegaci\u00f3n <strong>de la Agencia Tributaria correspondiente al domicilio fiscal<\/strong><\/li>\n\n\n\n<li><strong>Unidad Regional<\/strong> de Gesti\u00f3n de Grandes Empresas de la Delegaci\u00f3n Especial de la Agencia Tributaria correspondiente al domicilio fiscal<\/li>\n\n\n\n<li><strong>Delegaci\u00f3n Central<\/strong> de Grandes Contribuyentes seg\u00fan proceda en funci\u00f3n de su adscripci\u00f3n<\/li>\n\n\n\n<li>Env\u00edo por <strong>Correo Certificado<\/strong><\/li>\n<\/ul>\n\n\n\n<h3 class=\"wp-block-heading\">Para los No residentes o No establecidos, lo pueden presentar en:<\/h3>\n\n\n\n<ul class=\"wp-block-list\">\n<li><strong>Administraci\u00f3n<\/strong><\/li>\n\n\n\n<li><strong>Delegaci\u00f3n<\/strong> de la Agencia Tributaria correspondiente al domicilio fiscal de su representante o la del lugar en el que operen<\/li>\n<\/ul>\n\n\n\n<p><strong>Nota: <\/strong>Se debe<strong> pedir Cita Previa<\/strong> en el Servicio de Gesti\u00f3n Censal del Banner Cita Previa<strong> en el portal de la Agencia Tributaria<\/strong> o llamando al <strong>901.200.351 \/ 912.901.340.<\/strong><\/p>\n\n\n\n<p>Si va a <strong>solicitar el NIF<\/strong> <strong>de una persona jur\u00eddica o entidad, <\/strong>debe pedir cita con el NIF de la persona que vaya a solicitarlo.<\/p>\n\n\n\n<h2 class=\"wp-block-heading\">Plazos de Presentaci\u00f3n del Modelo 036<\/h2>\n\n\n\n<p>Estos son los <strong>tres plazos<\/strong> en los que debe presentarse, el<strong> incumplimiento de cualquier de ellos<\/strong> o la presentaci\u00f3n fuera del plazo, puede <strong>acarrear al pago de sanciones econ\u00f3micas.<\/strong><\/p>\n\n\n\n<ul class=\"wp-block-list\">\n<li><strong>Declaraci\u00f3n del alta: <\/strong>Para comunicar el<strong> inicio de la actividad empresarial<\/strong>, as\u00ed como para la solicitud del NIF.<\/li>\n\n\n\n<li><strong>Declaraci\u00f3n de modificaciones:<\/strong> Cu\u00e1ndo <strong>se realizan cambios <\/strong>identificativos o var\u00eda cualquier otro dato que est\u00e9 en la declaraci\u00f3n del alta o de alguna modificaci\u00f3n posterior. Estas <strong>deber\u00e1n notificarse en el plazo de un mes <\/strong>desde que se realiza el cambio.<\/li>\n\n\n\n<li><strong>Declaraci\u00f3n de baja:<\/strong> Para notificar el <strong>cese de la actividad,<\/strong> extinci\u00f3n de sociedades mercantiles o el fallecimiento del obligado tributario.<\/li>\n<\/ul>\n\n\n\n<h2 class=\"wp-block-heading\">Modelo 036 y 037 &#8211; Diferencias<\/h2>\n\n\n\n<p>Ambos documentos tienen <strong>el objetivo de notificar a la Agencia Tributaria<\/strong> sobre el inicio de una actividad empresarial o profesional, no obstante, <strong>cada uno representa caracter\u00edsticas particulares<\/strong> que se deben tomar en cuenta al momento de seleccionar cu\u00e1l se va a presentar.<\/p>\n\n\n\n<ul class=\"wp-block-list\">\n<li><strong>Modelo 036:<\/strong> Es un documento que <strong>contempla todas las opciones y variedades de las actividades empresariales<\/strong> que puedan existir, permite seleccionar e informar de forma m\u00e1s completa todo lo relacionado con la actividad con el fin de poder darse de alta y figurar en el censo de empresarios y aut\u00f3nomos.<\/li>\n<\/ul>\n\n\n\n<p><strong>Modelo 037: <\/strong>Es una <strong>versi\u00f3n simplificada del modelo 036.<\/strong> Puede ser presentado por aut\u00f3nomos o peque\u00f1as empresas, aunque para ello se debe <strong>cumplir con algunas condiciones y requisitos particulares.<\/strong><\/p>\n","protected":false},"excerpt":{"rendered":"<p>El Modelo 036 es la declaraci\u00f3n censal de alta, modificaci\u00f3n y baja en el censo de empresarios, profesionales y retenedores. Para cualquier persona que decide<\/p>\n<p class=\"more-link\">Seguir leyendo <span class=\"screen-reader-text\">Modelo 036: \u00bfQu\u00e9 es? \u00bfQui\u00e9n debe presentarlo? \u00bfC\u00f3mo y d\u00f3nde hacerlo?<\/span><\/p>\n","protected":false},"author":13,"featured_media":14721,"comment_status":"closed","ping_status":"closed","sticky":false,"template":"page-artikkeli.php","format":"standard","meta":{"footnotes":""},"categories":[363],"tags":[],"class_list":["post-14720","post","type-post","status-publish","format-standard","has-post-thumbnail","hentry","category-documentos","entry"],"yoast_head":"<!-- This site is optimized with the Yoast SEO plugin v27.3 - https:\/\/yoast.com\/product\/yoast-seo-wordpress\/ -->\n<title>Modelo 036: \u00bfQu\u00e9 es? \u00bfQui\u00e9n debe presentarlo? \u00bfC\u00f3mo y d\u00f3nde?<\/title>\n<meta name=\"description\" content=\"El Modelo 036 es un documento vital a la hora de darnos de alta como empresarios. Consulta nuestra gu\u00eda y enlaces de descarga,\" \/>\n<meta name=\"robots\" content=\"index, follow, max-snippet:-1, max-image-preview:large, max-video-preview:-1\" \/>\n<link rel=\"canonical\" href=\"https:\/\/www.top5credits.com\/es\/documentos\/modelo-036-que-es-quien-debe-presentarlo-como-y-donde-hacerlo\/\" \/>\n<meta property=\"og:locale\" content=\"es_ES\" \/>\n<meta property=\"og:type\" content=\"article\" \/>\n<meta property=\"og:title\" content=\"Modelo 036: \u00bfQu\u00e9 es? \u00bfQui\u00e9n debe presentarlo? \u00bfC\u00f3mo y d\u00f3nde?\" \/>\n<meta property=\"og:description\" content=\"El Modelo 036 es un documento vital a la hora de darnos de alta como empresarios. Consulta nuestra gu\u00eda y enlaces de descarga,\" \/>\n<meta property=\"og:url\" content=\"https:\/\/www.top5credits.com\/es\/documentos\/modelo-036-que-es-quien-debe-presentarlo-como-y-donde-hacerlo\/\" \/>\n<meta property=\"og:site_name\" content=\"Top5Credits.com Espa\u00f1a\" \/>\n<meta property=\"article:publisher\" content=\"https:\/\/www.facebook.com\/Top5Creditscom-Espa%c3%b1a-109158667157057\" \/>\n<meta property=\"article:published_time\" content=\"2023-12-27T08:20:09+00:00\" \/>\n<meta property=\"article:modified_time\" content=\"2024-02-29T08:41:47+00:00\" \/>\n<meta property=\"og:image\" content=\"https:\/\/cdn.top5credits.com\/es\/wp-content\/uploads\/sites\/8\/2023\/12\/modelo-036.jpg?cdn=1.1.1\" \/>\n\t<meta property=\"og:image:width\" content=\"1200\" \/>\n\t<meta property=\"og:image:height\" content=\"630\" \/>\n\t<meta property=\"og:image:type\" content=\"image\/jpeg\" \/>\n<meta name=\"author\" content=\"Ad\u00e1n\" \/>\n<meta name=\"twitter:card\" content=\"summary_large_image\" \/>\n<meta name=\"twitter:label1\" content=\"Escrito por\" \/>\n\t<meta name=\"twitter:data1\" content=\"Ad\u00e1n\" \/>\n\t<meta name=\"twitter:label2\" content=\"Tiempo de lectura\" \/>\n\t<meta name=\"twitter:data2\" content=\"6 minutos\" \/>\n<script type=\"application\/ld+json\" class=\"yoast-schema-graph\">{\"@context\":\"https:\\\/\\\/schema.org\",\"@graph\":[{\"@type\":\"Article\",\"@id\":\"https:\\\/\\\/www.top5credits.com\\\/es\\\/documentos\\\/modelo-036-que-es-quien-debe-presentarlo-como-y-donde-hacerlo\\\/#article\",\"isPartOf\":{\"@id\":\"https:\\\/\\\/www.top5credits.com\\\/es\\\/documentos\\\/modelo-036-que-es-quien-debe-presentarlo-como-y-donde-hacerlo\\\/\"},\"author\":{\"name\":\"Ad\u00e1n\",\"@id\":\"https:\\\/\\\/www.top5credits.com\\\/es\\\/#\\\/schema\\\/person\\\/0c7d80985d360536fbadde1795becf08\"},\"headline\":\"Modelo 036: \u00bfQu\u00e9 es? \u00bfQui\u00e9n debe presentarlo? \u00bfC\u00f3mo y d\u00f3nde hacerlo?\",\"datePublished\":\"2023-12-27T08:20:09+00:00\",\"dateModified\":\"2024-02-29T08:41:47+00:00\",\"mainEntityOfPage\":{\"@id\":\"https:\\\/\\\/www.top5credits.com\\\/es\\\/documentos\\\/modelo-036-que-es-quien-debe-presentarlo-como-y-donde-hacerlo\\\/\"},\"wordCount\":1373,\"publisher\":{\"@id\":\"https:\\\/\\\/www.top5credits.com\\\/es\\\/#organization\"},\"image\":{\"@id\":\"https:\\\/\\\/www.top5credits.com\\\/es\\\/documentos\\\/modelo-036-que-es-quien-debe-presentarlo-como-y-donde-hacerlo\\\/#primaryimage\"},\"thumbnailUrl\":\"https:\\\/\\\/www.top5credits.com\\\/es\\\/wp-content\\\/uploads\\\/sites\\\/8\\\/2023\\\/12\\\/modelo-036.jpg\",\"articleSection\":[\"Documentos\"],\"inLanguage\":\"es\"},{\"@type\":\"WebPage\",\"@id\":\"https:\\\/\\\/www.top5credits.com\\\/es\\\/documentos\\\/modelo-036-que-es-quien-debe-presentarlo-como-y-donde-hacerlo\\\/\",\"url\":\"https:\\\/\\\/www.top5credits.com\\\/es\\\/documentos\\\/modelo-036-que-es-quien-debe-presentarlo-como-y-donde-hacerlo\\\/\",\"name\":\"Modelo 036: \u00bfQu\u00e9 es? \u00bfQui\u00e9n debe presentarlo? \u00bfC\u00f3mo y d\u00f3nde?\",\"isPartOf\":{\"@id\":\"https:\\\/\\\/www.top5credits.com\\\/es\\\/#website\"},\"primaryImageOfPage\":{\"@id\":\"https:\\\/\\\/www.top5credits.com\\\/es\\\/documentos\\\/modelo-036-que-es-quien-debe-presentarlo-como-y-donde-hacerlo\\\/#primaryimage\"},\"image\":{\"@id\":\"https:\\\/\\\/www.top5credits.com\\\/es\\\/documentos\\\/modelo-036-que-es-quien-debe-presentarlo-como-y-donde-hacerlo\\\/#primaryimage\"},\"thumbnailUrl\":\"https:\\\/\\\/www.top5credits.com\\\/es\\\/wp-content\\\/uploads\\\/sites\\\/8\\\/2023\\\/12\\\/modelo-036.jpg\",\"datePublished\":\"2023-12-27T08:20:09+00:00\",\"dateModified\":\"2024-02-29T08:41:47+00:00\",\"description\":\"El Modelo 036 es un documento vital a la hora de darnos de alta como empresarios. Consulta nuestra gu\u00eda y enlaces de descarga,\",\"breadcrumb\":{\"@id\":\"https:\\\/\\\/www.top5credits.com\\\/es\\\/documentos\\\/modelo-036-que-es-quien-debe-presentarlo-como-y-donde-hacerlo\\\/#breadcrumb\"},\"inLanguage\":\"es\",\"potentialAction\":[{\"@type\":\"ReadAction\",\"target\":[\"https:\\\/\\\/www.top5credits.com\\\/es\\\/documentos\\\/modelo-036-que-es-quien-debe-presentarlo-como-y-donde-hacerlo\\\/\"]}]},{\"@type\":\"ImageObject\",\"inLanguage\":\"es\",\"@id\":\"https:\\\/\\\/www.top5credits.com\\\/es\\\/documentos\\\/modelo-036-que-es-quien-debe-presentarlo-como-y-donde-hacerlo\\\/#primaryimage\",\"url\":\"https:\\\/\\\/www.top5credits.com\\\/es\\\/wp-content\\\/uploads\\\/sites\\\/8\\\/2023\\\/12\\\/modelo-036.jpg\",\"contentUrl\":\"https:\\\/\\\/www.top5credits.com\\\/es\\\/wp-content\\\/uploads\\\/sites\\\/8\\\/2023\\\/12\\\/modelo-036.jpg\",\"width\":1200,\"height\":630,\"caption\":\"modelo 036\"},{\"@type\":\"BreadcrumbList\",\"@id\":\"https:\\\/\\\/www.top5credits.com\\\/es\\\/documentos\\\/modelo-036-que-es-quien-debe-presentarlo-como-y-donde-hacerlo\\\/#breadcrumb\",\"itemListElement\":[{\"@type\":\"ListItem\",\"position\":1,\"name\":\"Top5Credits.com\",\"item\":\"https:\\\/\\\/www.top5credits.com\\\/es\\\/\"},{\"@type\":\"ListItem\",\"position\":2,\"name\":\"Documentos\",\"item\":\"https:\\\/\\\/www.top5credits.com\\\/es\\\/documentos\\\/\"},{\"@type\":\"ListItem\",\"position\":3,\"name\":\"Modelo 036: \u00bfQu\u00e9 es? \u00bfQui\u00e9n debe presentarlo? \u00bfC\u00f3mo y d\u00f3nde hacerlo?\"}]},{\"@type\":\"WebSite\",\"@id\":\"https:\\\/\\\/www.top5credits.com\\\/es\\\/#website\",\"url\":\"https:\\\/\\\/www.top5credits.com\\\/es\\\/\",\"name\":\"Top5Credits.com Espa\u00f1a\",\"description\":\"\",\"publisher\":{\"@id\":\"https:\\\/\\\/www.top5credits.com\\\/es\\\/#organization\"},\"potentialAction\":[{\"@type\":\"SearchAction\",\"target\":{\"@type\":\"EntryPoint\",\"urlTemplate\":\"https:\\\/\\\/www.top5credits.com\\\/es\\\/?s={search_term_string}\"},\"query-input\":{\"@type\":\"PropertyValueSpecification\",\"valueRequired\":true,\"valueName\":\"search_term_string\"}}],\"inLanguage\":\"es\"},{\"@type\":\"Organization\",\"@id\":\"https:\\\/\\\/www.top5credits.com\\\/es\\\/#organization\",\"name\":\"Top5Credits.com\",\"url\":\"https:\\\/\\\/www.top5credits.com\\\/es\\\/\",\"logo\":{\"@type\":\"ImageObject\",\"inLanguage\":\"es\",\"@id\":\"https:\\\/\\\/www.top5credits.com\\\/es\\\/#\\\/schema\\\/logo\\\/image\\\/\",\"url\":\"https:\\\/\\\/cdn.top5credits.com\\\/es\\\/wp-content\\\/uploads\\\/sites\\\/8\\\/2023\\\/10\\\/t5c-favicon.png\",\"contentUrl\":\"https:\\\/\\\/cdn.top5credits.com\\\/es\\\/wp-content\\\/uploads\\\/sites\\\/8\\\/2023\\\/10\\\/t5c-favicon.png\",\"width\":512,\"height\":512,\"caption\":\"Top5Credits.com\"},\"image\":{\"@id\":\"https:\\\/\\\/www.top5credits.com\\\/es\\\/#\\\/schema\\\/logo\\\/image\\\/\"},\"sameAs\":[\"https:\\\/\\\/www.facebook.com\\\/Top5Creditscom-Espa\u00f1a-109158667157057\"]},{\"@type\":\"Person\",\"@id\":\"https:\\\/\\\/www.top5credits.com\\\/es\\\/#\\\/schema\\\/person\\\/0c7d80985d360536fbadde1795becf08\",\"name\":\"Ad\u00e1n\",\"description\":\"Apasionado por el arte, la actualidad y la escritura. Con a\u00f1os de experiencia en finanzas y seguros, compaginado con varias colaboraciones con medios como Vice Espa\u00f1a y Movistar+.\",\"url\":\"https:\\\/\\\/www.top5credits.com\\\/es\\\/author\\\/adan\\\/\"}]}<\/script>\n<!-- \/ Yoast SEO plugin. -->","yoast_head_json":{"title":"Modelo 036: \u00bfQu\u00e9 es? \u00bfQui\u00e9n debe presentarlo? \u00bfC\u00f3mo y d\u00f3nde?","description":"El Modelo 036 es un documento vital a la hora de darnos de alta como empresarios. Consulta nuestra gu\u00eda y enlaces de descarga,","robots":{"index":"index","follow":"follow","max-snippet":"max-snippet:-1","max-image-preview":"max-image-preview:large","max-video-preview":"max-video-preview:-1"},"canonical":"https:\/\/www.top5credits.com\/es\/documentos\/modelo-036-que-es-quien-debe-presentarlo-como-y-donde-hacerlo\/","og_locale":"es_ES","og_type":"article","og_title":"Modelo 036: \u00bfQu\u00e9 es? \u00bfQui\u00e9n debe presentarlo? \u00bfC\u00f3mo y d\u00f3nde?","og_description":"El Modelo 036 es un documento vital a la hora de darnos de alta como empresarios. Consulta nuestra gu\u00eda y enlaces de descarga,","og_url":"https:\/\/www.top5credits.com\/es\/documentos\/modelo-036-que-es-quien-debe-presentarlo-como-y-donde-hacerlo\/","og_site_name":"Top5Credits.com Espa\u00f1a","article_publisher":"https:\/\/www.facebook.com\/Top5Creditscom-Espa%c3%b1a-109158667157057","article_published_time":"2023-12-27T08:20:09+00:00","article_modified_time":"2024-02-29T08:41:47+00:00","og_image":[{"width":1200,"height":630,"url":"https:\/\/cdn.top5credits.com\/es\/wp-content\/uploads\/sites\/8\/2023\/12\/modelo-036.jpg?cdn=1.1.1","type":"image\/jpeg"}],"author":"Ad\u00e1n","twitter_card":"summary_large_image","twitter_misc":{"Escrito por":"Ad\u00e1n","Tiempo de lectura":"6 minutos"},"schema":{"@context":"https:\/\/schema.org","@graph":[{"@type":"Article","@id":"https:\/\/www.top5credits.com\/es\/documentos\/modelo-036-que-es-quien-debe-presentarlo-como-y-donde-hacerlo\/#article","isPartOf":{"@id":"https:\/\/www.top5credits.com\/es\/documentos\/modelo-036-que-es-quien-debe-presentarlo-como-y-donde-hacerlo\/"},"author":{"name":"Ad\u00e1n","@id":"https:\/\/www.top5credits.com\/es\/#\/schema\/person\/0c7d80985d360536fbadde1795becf08"},"headline":"Modelo 036: \u00bfQu\u00e9 es? \u00bfQui\u00e9n debe presentarlo? \u00bfC\u00f3mo y d\u00f3nde hacerlo?","datePublished":"2023-12-27T08:20:09+00:00","dateModified":"2024-02-29T08:41:47+00:00","mainEntityOfPage":{"@id":"https:\/\/www.top5credits.com\/es\/documentos\/modelo-036-que-es-quien-debe-presentarlo-como-y-donde-hacerlo\/"},"wordCount":1373,"publisher":{"@id":"https:\/\/www.top5credits.com\/es\/#organization"},"image":{"@id":"https:\/\/www.top5credits.com\/es\/documentos\/modelo-036-que-es-quien-debe-presentarlo-como-y-donde-hacerlo\/#primaryimage"},"thumbnailUrl":"https:\/\/cdn.top5credits.com\/es\/wp-content\/uploads\/sites\/8\/2023\/12\/modelo-036.jpg?cdn=1.1.1","articleSection":["Documentos"],"inLanguage":"es"},{"@type":"WebPage","@id":"https:\/\/www.top5credits.com\/es\/documentos\/modelo-036-que-es-quien-debe-presentarlo-como-y-donde-hacerlo\/","url":"https:\/\/www.top5credits.com\/es\/documentos\/modelo-036-que-es-quien-debe-presentarlo-como-y-donde-hacerlo\/","name":"Modelo 036: \u00bfQu\u00e9 es? \u00bfQui\u00e9n debe presentarlo? \u00bfC\u00f3mo y d\u00f3nde?","isPartOf":{"@id":"https:\/\/www.top5credits.com\/es\/#website"},"primaryImageOfPage":{"@id":"https:\/\/www.top5credits.com\/es\/documentos\/modelo-036-que-es-quien-debe-presentarlo-como-y-donde-hacerlo\/#primaryimage"},"image":{"@id":"https:\/\/www.top5credits.com\/es\/documentos\/modelo-036-que-es-quien-debe-presentarlo-como-y-donde-hacerlo\/#primaryimage"},"thumbnailUrl":"https:\/\/cdn.top5credits.com\/es\/wp-content\/uploads\/sites\/8\/2023\/12\/modelo-036.jpg?cdn=1.1.1","datePublished":"2023-12-27T08:20:09+00:00","dateModified":"2024-02-29T08:41:47+00:00","description":"El Modelo 036 es un documento vital a la hora de darnos de alta como empresarios. Consulta nuestra gu\u00eda y enlaces de descarga,","breadcrumb":{"@id":"https:\/\/www.top5credits.com\/es\/documentos\/modelo-036-que-es-quien-debe-presentarlo-como-y-donde-hacerlo\/#breadcrumb"},"inLanguage":"es","potentialAction":[{"@type":"ReadAction","target":["https:\/\/www.top5credits.com\/es\/documentos\/modelo-036-que-es-quien-debe-presentarlo-como-y-donde-hacerlo\/"]}]},{"@type":"ImageObject","inLanguage":"es","@id":"https:\/\/www.top5credits.com\/es\/documentos\/modelo-036-que-es-quien-debe-presentarlo-como-y-donde-hacerlo\/#primaryimage","url":"https:\/\/cdn.top5credits.com\/es\/wp-content\/uploads\/sites\/8\/2023\/12\/modelo-036.jpg?cdn=1.1.1","contentUrl":"https:\/\/cdn.top5credits.com\/es\/wp-content\/uploads\/sites\/8\/2023\/12\/modelo-036.jpg?cdn=1.1.1","width":1200,"height":630,"caption":"modelo 036"},{"@type":"BreadcrumbList","@id":"https:\/\/www.top5credits.com\/es\/documentos\/modelo-036-que-es-quien-debe-presentarlo-como-y-donde-hacerlo\/#breadcrumb","itemListElement":[{"@type":"ListItem","position":1,"name":"Top5Credits.com","item":"https:\/\/www.top5credits.com\/es\/"},{"@type":"ListItem","position":2,"name":"Documentos","item":"https:\/\/www.top5credits.com\/es\/documentos\/"},{"@type":"ListItem","position":3,"name":"Modelo 036: \u00bfQu\u00e9 es? \u00bfQui\u00e9n debe presentarlo? \u00bfC\u00f3mo y d\u00f3nde hacerlo?"}]},{"@type":"WebSite","@id":"https:\/\/www.top5credits.com\/es\/#website","url":"https:\/\/www.top5credits.com\/es\/","name":"Top5Credits.com Espa\u00f1a","description":"","publisher":{"@id":"https:\/\/www.top5credits.com\/es\/#organization"},"potentialAction":[{"@type":"SearchAction","target":{"@type":"EntryPoint","urlTemplate":"https:\/\/www.top5credits.com\/es\/?s={search_term_string}"},"query-input":{"@type":"PropertyValueSpecification","valueRequired":true,"valueName":"search_term_string"}}],"inLanguage":"es"},{"@type":"Organization","@id":"https:\/\/www.top5credits.com\/es\/#organization","name":"Top5Credits.com","url":"https:\/\/www.top5credits.com\/es\/","logo":{"@type":"ImageObject","inLanguage":"es","@id":"https:\/\/www.top5credits.com\/es\/#\/schema\/logo\/image\/","url":"https:\/\/cdn.top5credits.com\/es\/wp-content\/uploads\/sites\/8\/2023\/10\/t5c-favicon.png","contentUrl":"https:\/\/cdn.top5credits.com\/es\/wp-content\/uploads\/sites\/8\/2023\/10\/t5c-favicon.png","width":512,"height":512,"caption":"Top5Credits.com"},"image":{"@id":"https:\/\/www.top5credits.com\/es\/#\/schema\/logo\/image\/"},"sameAs":["https:\/\/www.facebook.com\/Top5Creditscom-Espa\u00f1a-109158667157057"]},{"@type":"Person","@id":"https:\/\/www.top5credits.com\/es\/#\/schema\/person\/0c7d80985d360536fbadde1795becf08","name":"Ad\u00e1n","description":"Apasionado por el arte, la actualidad y la escritura. Con a\u00f1os de experiencia en finanzas y seguros, compaginado con varias colaboraciones con medios como Vice Espa\u00f1a y Movistar+.","url":"https:\/\/www.top5credits.com\/es\/author\/adan\/"}]}},"_links":{"self":[{"href":"https:\/\/www.top5credits.com\/es\/wp-json\/wp\/v2\/posts\/14720","targetHints":{"allow":["GET"]}}],"collection":[{"href":"https:\/\/www.top5credits.com\/es\/wp-json\/wp\/v2\/posts"}],"about":[{"href":"https:\/\/www.top5credits.com\/es\/wp-json\/wp\/v2\/types\/post"}],"author":[{"embeddable":true,"href":"https:\/\/www.top5credits.com\/es\/wp-json\/wp\/v2\/users\/13"}],"replies":[{"embeddable":true,"href":"https:\/\/www.top5credits.com\/es\/wp-json\/wp\/v2\/comments?post=14720"}],"version-history":[{"count":0,"href":"https:\/\/www.top5credits.com\/es\/wp-json\/wp\/v2\/posts\/14720\/revisions"}],"wp:featuredmedia":[{"embeddable":true,"href":"https:\/\/www.top5credits.com\/es\/wp-json\/wp\/v2\/media\/14721"}],"wp:attachment":[{"href":"https:\/\/www.top5credits.com\/es\/wp-json\/wp\/v2\/media?parent=14720"}],"wp:term":[{"taxonomy":"category","embeddable":true,"href":"https:\/\/www.top5credits.com\/es\/wp-json\/wp\/v2\/categories?post=14720"},{"taxonomy":"post_tag","embeddable":true,"href":"https:\/\/www.top5credits.com\/es\/wp-json\/wp\/v2\/tags?post=14720"}],"curies":[{"name":"wp","href":"https:\/\/api.w.org\/{rel}","templated":true}]}}