{"id":3430,"date":"2020-06-01T11:35:16","date_gmt":"2020-06-01T11:35:16","guid":{"rendered":"https:\/\/www.top5credits.com\/es\/?p=3430"},"modified":"2023-11-16T10:51:42","modified_gmt":"2023-11-16T10:51:42","slug":"crisis-economica-de-la-gripe-espanola-de-1918","status":"publish","type":"post","link":"https:\/\/www.top5credits.com\/es\/articulos\/crisis-economica-de-la-gripe-espanola-de-1918\/","title":{"rendered":"Crisis econ\u00f3mica de la Gripe Espa\u00f1ola de 1918"},"content":{"rendered":"\n<p>Una vez pasado el primer pico de la epidemia por Coronavirus, todos nos hemos relajado. Ahora que la vida vuelve a la nueva normalidad, y no nos asusta tanto el virus, sus <strong>consecuencias s\u00ed que siguen con nosotros<\/strong>. Y, probablemente, la que m\u00e1s nos preocupen sean las repercusiones econ\u00f3micas como ocurri\u00f3 en la <strong>crisis econ\u00f3mica de la Gripe Espa\u00f1ola de 1918<\/strong>.<\/p>\n\n\n\n<p>Ante estos momentos de incertidumbre, es normal que decidamos acudir a los ejemplos m\u00e1s similares en la historia. Por ello, no son pocos los que han recurrido a la epidemia m\u00e1s letal y reciente sufrida por el ser humano:<strong> La Gripe Espa\u00f1ola<\/strong>.<\/p>\n\n\n\n<p>Esta plaga, que <strong>realmente se origin\u00f3 en los Estados Unidos<\/strong>, recibe el nombre debido a que Espa\u00f1a era neutral en la Gran Guerra, por lo tanto, nunca censur\u00f3 la epidemia que la azot\u00f3. No fue as\u00ed el caso de pr\u00e1cticamente el resto del mundo, que no quer\u00eda ver perjudicada su imagen de cara a la guerra. De hecho, <strong>su expansi\u00f3n global se debi\u00f3 precisamente al movimiento de tropas<\/strong>.<\/p>\n\n\n\n<h2 class=\"wp-block-heading\">Principales puntos a considerar:<\/h2>\n\n\n\n<ul class=\"wp-block-list\">\n<li><strong>Origen err\u00f3neo de la \u00abGripe Espa\u00f1ola\u00bb:<\/strong> A pesar de su nombre, es probable que esta gripe se originara en los Estados Unidos y se propag\u00f3 a nivel global debido al desplazamiento de tropas durante la Primera Guerra Mundial.<\/li>\n\n\n\n<li><strong>Impacto econ\u00f3mico en Espa\u00f1a: <\/strong>Aunque Espa\u00f1a no haya participado en la guerra, sufri\u00f3 una disminuci\u00f3n del 6% de su PIB debido a la Gripe Espa\u00f1ola. La enfermedad afect\u00f3 principalmente a los adultos j\u00f3venes, paralizando la producci\u00f3n y llevando a muchas empresas a cerrar.<\/li>\n\n\n\n<li><strong>Repercusiones econ\u00f3micas de la pandemia:<\/strong> La crisis econ\u00f3mica provocada por la Gripe Espa\u00f1ola abarc\u00f3 desde 1918 hasta 1920. A pesar de su agudeza, fue relativamente breve y se estabiliz\u00f3 r\u00e1pidamente tras el fin de la guerra y la epidemia.<\/li>\n\n\n\n<li><strong>Comparaci\u00f3n con la crisis del Coronavirus: <\/strong>Aunque hay similitudes entre la crisis econ\u00f3mica de la Gripe Espa\u00f1ola y la del Coronavirus, hay diferencias clave, como la dependencia de mercados internacionales y las cuarentenas totales.<\/li>\n<\/ul>\n\n\n\n<h2 class=\"wp-block-heading\"><a><\/a>La gripe mal llamada \u00abespa\u00f1ola\u00bb<\/h2>\n\n\n\n<p>Conocida popularmente como la \u00abgripe espa\u00f1ola\u00bb, en nuestro pa\u00eds no se le atribuy\u00f3 ese adjetivo debido a que su origen era totalmente extranjero.<\/p>\n\n\n\n<p>La hip\u00f3tesis m\u00e1s cre\u00edble sit\u00faa su brote en <strong>EE. UU.<\/strong>, desde donde sus soldados la propagaron a Francia durante la<strong> Gran Guerra<\/strong>. Para evitar la alarma social y no desmoralizar a las tropas, se impuso censura informativa en los pa\u00edses en conflicto. La prensa espa\u00f1ola fue la primera en informar sobre la enfermedad, ya que Espa\u00f1a, siendo neutral, no ten\u00eda por qu\u00e9 ocultarlo. Esto condujo a una percepci\u00f3n err\u00f3nea sobre su origen.<\/p>\n\n\n\n<h2 class=\"wp-block-heading\">Antecedentes econ\u00f3micos e impacto de la Gripe Espa\u00f1ola<\/h2>\n\n\n\n<p>En primer lugar, hay que tener en cuenta que la Gripe Espa\u00f1ola se solap\u00f3 con otro gran evento, como fue la<strong><a href=\"https:\/\/www.top5credits.com\/es\/glosario\/nuevo-orden-economico-internacional\/\"> Primera Guerra Mundial o Gran Guerra<\/a>.<\/strong> Esto hizo que, en Espa\u00f1a, la ausencia de buena competencia a la hora de comerciar, ya hubiese afectado negativamente al pa\u00eds, a pesar de <strong>no haber formado parte de la contienda.<\/strong><\/p>\n\n\n\n<p>No obstante, por qu\u00e9 fue tan devastador para la econom\u00eda espa\u00f1ola, haciendo <strong>disminuir su producto interior bruto un 6%<\/strong>, fue que <strong>sus principales v\u00edctimas eran adultos j\u00f3venes<\/strong>. Por ello, el tejido productivo del pa\u00eds fue mermado, ya que la gente en edad de trabajar estaba enferma e incapaz de atender a sus puestos de trabajo. De hecho, se dice que en algunos lugares, <strong>la producci\u00f3n qued\u00f3 completamente parada<\/strong>.<\/p>\n\n\n\n<figure class=\"wp-block-image size-large\"><img loading=\"lazy\" decoding=\"async\" width=\"1024\" height=\"682\" src=\"https:\/\/cdn.top5credits.com\/es\/wp-content\/uploads\/sites\/8\/2020\/06\/negociso-cerrados-coronavirus-1024x682.jpg?cdn=1.1.1\" alt=\"Muchas empresas han tenido que cerrar | Crisis econ\u00f3mica de la Gripe Espa\u00f1ola de 1918.\" class=\"wp-image-3435\" srcset=\"https:\/\/cdn.top5credits.com\/es\/wp-content\/uploads\/sites\/8\/2020\/06\/negociso-cerrados-coronavirus-1024x682.jpg?cdn=1.1.1 1024w, https:\/\/cdn.top5credits.com\/es\/wp-content\/uploads\/sites\/8\/2020\/06\/negociso-cerrados-coronavirus-300x200.jpg?cdn=1.1.1 300w, https:\/\/cdn.top5credits.com\/es\/wp-content\/uploads\/sites\/8\/2020\/06\/negociso-cerrados-coronavirus-768x512.jpg?cdn=1.1.1 768w, https:\/\/cdn.top5credits.com\/es\/wp-content\/uploads\/sites\/8\/2020\/06\/negociso-cerrados-coronavirus.jpg?cdn=1.1.1 1280w\" sizes=\"auto, (max-width: 1024px) 100vw, 1024px\" \/><figcaption class=\"wp-element-caption\">Muchos negocios han tenido que cerrar en la cuarentena aunque no haya habido la misma mortalidad que en 1918<\/figcaption><\/figure>\n\n\n\n<h2 class=\"wp-block-heading\">Consecuencias econ\u00f3micas de la Gripe Espa\u00f1ola<\/h2>\n\n\n\n<p>Recordemos que <strong>const\u00f3 de dos oleadas diferentes<\/strong>, siendo la segunda la m\u00e1s virulenta. Por ello, la crisis econ\u00f3mica de la Gripe Espa\u00f1ola dur\u00f3 desde <strong>1918 a 1920 <\/strong>hasta que desapareci\u00f3 por completo. Por ello, se trat\u00f3 de una crisis sanitaria bastante larga.<\/p>\n\n\n\n<p>Ir\u00f3nicamente, cuando la pandemia y la guerra terminaron, el ambiente en Espa\u00f1a <strong>no era precisamente de fiesta y alegr\u00eda<\/strong>. Esto fue debido a tensiones pol\u00edticas internas en el pa\u00eds. No obstante, no tard\u00f3 en regularizarse la situaci\u00f3n, ya que a nivel global, <strong>los <a href=\"https:\/\/www.top5credits.com\/es\/glosario\/mercado-secundario\/\">mercados<\/a> ya estaban recuperados para <a href=\"https:\/\/www.top5credits.com\/es\/articulos\/la-cuesta-de-enero\/\">1919<\/a>.<\/strong> <\/p>\n\n\n\n<p>En aquel momento, <strong>no dispon\u00edamos de suficientes indicadores macroecon\u00f3micos<\/strong> para evaluar de manera integral el impacto econ\u00f3mico de la epidemia en Espa\u00f1a.<\/p>\n\n\n\n<p>Sin embargo, podemos rastrear en los Anuarios su impacto social a trav\u00e9s de cifras sobre el <strong>coste de vida<\/strong>, consumo o actividad laboral. Son impactantes las subidas de precios de las materias primas y el aumento de huelgas tras la pandemia, exigiendo principalmente <strong>salarios acordes a los nuevos precios<\/strong>.<\/p>\n\n\n<div class=\"wp-block-image\">\n<figure class=\"aligncenter size-full\"><img loading=\"lazy\" decoding=\"async\" width=\"704\" height=\"535\" src=\"https:\/\/cdn.top5credits.com\/es\/wp-content\/uploads\/sites\/8\/2023\/11\/image.png?cdn=1.1.1\" alt=\"\" class=\"wp-image-14240\" srcset=\"https:\/\/cdn.top5credits.com\/es\/wp-content\/uploads\/sites\/8\/2023\/11\/image.png?cdn=1.1.1 704w, https:\/\/cdn.top5credits.com\/es\/wp-content\/uploads\/sites\/8\/2023\/11\/image-300x228.png?cdn=1.1.1 300w\" sizes=\"auto, (max-width: 704px) 100vw, 704px\" \/><\/figure>\n<\/div>\n\n\n<p>Por ello, podemos decir que la crisis de la Gripe Espa\u00f1ola, por suerte, <strong>fue una crisis aguda pero breve<\/strong>, que no tard\u00f3 en regularizarse tras el fin de la guerra y la epidemia.<\/p>\n\n\n\n<h2 class=\"wp-block-heading\">Estad\u00edsticas y salud<\/h2>\n\n\n\n<p>Tras la pandemia de 1918-19, se volvi\u00f3 esencial incorporar las estad\u00edsticas como una herramienta complementaria en los estudios de salud p\u00fablica.<\/p>\n\n\n\n<p>En el caso del INE y sus antecesores, esta necesidad se ha traducido en un <strong>esfuerzo significativo<\/strong> en la producci\u00f3n de estad\u00edsticas de salud. Este compromiso, que prevalece hoy en d\u00eda, ha originado una serie de informaciones estad\u00edsticas para analizar el impacto de la crisis del COVID-19, las cuales recopilan datos sobre la situaci\u00f3n econ\u00f3mica, social y demogr\u00e1fica.<\/p>\n\n\n\n<h2 class=\"wp-block-heading\">\u00bfHabr\u00e1 crisis econ\u00f3mica por el Coronavirus?<\/h2>\n\n\n\n<p>C\u00f3mo no, no podemos dejar de hacer un s\u00edmil de esta crisis econ\u00f3mica de 1918 con la <a href=\"https:\/\/www.top5credits.com\/es\/articulos\/crisis-2020\/\"><strong>crisis<\/strong><\/a> que se nos viene encima. Y esto, al final, <strong>puede ser una buena noticia, ya que fue una crisis corta<\/strong>, a diferencia de la crisis del 2008, que fue larga y a\u00fan recordamos.<\/p>\n\n\n\n<p>No obstante, hay varios detalles diferentes, que nos hacen prever un futuro diferente:<\/p>\n\n\n\n<ul class=\"wp-block-list\">\n<li><strong>Mayor dependencia de los mercados internacionales. <\/strong>El gran problema de la crisis del Coronavirus ha sido la fuerte dependencia de mercados internacionales o sectores como el turismo, fuertemente dependientes del tr\u00e1fico de personas.<\/li>\n\n\n\n<li><strong>Cuarentenas totales<\/strong>. La r\u00e1pida expansi\u00f3n del virus debido a la globalizaci\u00f3n, ha hecho que, a diferencia de anta\u00f1o, el cierre en las cuarentenas haya sido de pa\u00edses y no de ciudades. Por ello, parar totalmente la producci\u00f3n de un pa\u00eds, es mucho m\u00e1s perjudicial.<\/li>\n\n\n\n<li><strong>Poblaci\u00f3n joven a penas afectada. <\/strong>Esto es humanamente una buena noticia, pero econ\u00f3micamente, puede suponer un problema, ya que la escasez de trabajo no se ver\u00e1 compensada por escasez de mano de obra, a diferencia de en otras epidemias.<\/li>\n<\/ul>\n\n\n\n<p>Con esto, concluimos que, seguramente, la crisis ser\u00e1 m\u00e1s aguda que la de la Gripe Espa\u00f1ola. No obstante, no creemos que sea tan grave como la crisis del 2008.<\/p>\n\n\n\n<p>A pesar de las devastadoras consecuencias econ\u00f3micas y sanitarias, la crisis de la Gripe Espa\u00f1ola fue relativamente corta, ya que finaliz\u00f3 con la terminaci\u00f3n de la Primera Guerra Mundial y la propia epidemia. Aunque existan similitudes con la crisis del Coronavirus, las circunstancias actuales, como la globalizaci\u00f3n y la naturaleza de las cuarentenas, indican que la situaci\u00f3n podr\u00eda ser diferente.<\/p>\n\n\n\n<h2 class=\"wp-block-heading\">Preguntas frecuentes <\/h2>\n\n\n\n<div class=\"schema-faq wp-block-yoast-faq-block\"><div class=\"schema-faq-section\" id=\"faq-question-1700131851325\"><strong class=\"schema-faq-question\"><strong>\u00bfPor qu\u00e9 se llam\u00f3 \u00abGripe Espa\u00f1ola\u00bb si se origin\u00f3 en Estados Unidos?<\/strong><\/strong> <p class=\"schema-faq-answer\">Dado a que Espa\u00f1a, siendo neutral en la Primera Guerra Mundial, fue uno de los pocos pa\u00edses que inform\u00f3 abiertamente sobre la enfermedad, esto llev\u00f3 al mundo a creer err\u00f3neamente que se origin\u00f3 all\u00ed.<\/p> <\/div> <div class=\"schema-faq-section\" id=\"faq-question-1700131870735\"><strong class=\"schema-faq-question\"><strong>\u00bfQu\u00e9 impacto tuvo la Gripe Espa\u00f1ola en la econom\u00eda espa\u00f1ola?<\/strong><\/strong> <p class=\"schema-faq-answer\">Disminuy\u00f3 su PIB en un 6 % y afect\u00f3 principalmente a los trabajadores j\u00f3venes, paralizando la producci\u00f3n en muchas \u00e1reas.<\/p> <\/div> <div class=\"schema-faq-section\" id=\"faq-question-1700131870427\"><strong class=\"schema-faq-question\"><strong>\u00bfCu\u00e1nto tiempo dur\u00f3 la crisis econ\u00f3mica causada por la Gripe Espa\u00f1ola?<\/strong><\/strong> <p class=\"schema-faq-answer\">Perdur\u00f3 desde 1918 hasta 1920, siendo una crisis aguda pero relativamente breve.<\/p> <\/div> <div class=\"schema-faq-section\" id=\"faq-question-1700131870086\"><strong class=\"schema-faq-question\"><strong>\u00bfC\u00f3mo se compara la crisis econ\u00f3mica de la Gripe Espa\u00f1ola con la del Coronavirus?<\/strong><\/strong> <p class=\"schema-faq-answer\">Aunque hay similitudes, la crisis actual podr\u00eda ser m\u00e1s aguda debido a factores como la globalizaci\u00f3n y la dependencia de mercados internacionales.<\/p> <\/div> <div class=\"schema-faq-section\" id=\"faq-question-1700131869223\"><strong class=\"schema-faq-question\"><strong>\u00bfSe espera que la crisis del Coronavirus sea tan grave como la crisis del 2008?<\/strong><\/strong> <p class=\"schema-faq-answer\">Se considera que, aunque probablemente sea m\u00e1s aguda que la de la Gripe Espa\u00f1ola, no se anticipa que alcance la gravedad de la crisis del 2008.<\/p> <\/div> <\/div>\n","protected":false},"excerpt":{"rendered":"<p>Una vez pasado el primer pico de la epidemia por Coronavirus, todos nos hemos relajado. Ahora que la vida vuelve a la nueva normalidad, y<\/p>\n<p class=\"more-link\">Seguir leyendo <span class=\"screen-reader-text\">Crisis econ\u00f3mica de la Gripe Espa\u00f1ola de 1918<\/span><\/p>\n","protected":false},"author":13,"featured_media":3438,"comment_status":"closed","ping_status":"closed","sticky":false,"template":"page-artikkeli.php","format":"standard","meta":{"footnotes":""},"categories":[18],"tags":[],"class_list":["post-3430","post","type-post","status-publish","format-standard","has-post-thumbnail","hentry","category-articulos","entry"],"yoast_head":"<!-- This site is optimized with the Yoast SEO plugin v27.3 - https:\/\/yoast.com\/product\/yoast-seo-wordpress\/ -->\n<title>Crisis econ\u00f3mica de la Gripe Espa\u00f1ola de 1918 - Top5Credits.com<\/title>\n<meta name=\"description\" content=\"Consulta c\u00f3mo fue la Crisis econ\u00f3mica de la (mal llamada) Gripe Espa\u00f1ola de 1918, y en qu\u00e9 se parece a la actual.\" \/>\n<meta name=\"robots\" content=\"index, follow, max-snippet:-1, max-image-preview:large, max-video-preview:-1\" \/>\n<link rel=\"canonical\" href=\"https:\/\/www.top5credits.com\/es\/articulos\/crisis-economica-de-la-gripe-espanola-de-1918\/\" \/>\n<meta property=\"og:locale\" content=\"es_ES\" \/>\n<meta property=\"og:type\" content=\"article\" \/>\n<meta property=\"og:title\" content=\"Crisis econ\u00f3mica de la Gripe Espa\u00f1ola de 1918 - Top5Credits.com\" \/>\n<meta property=\"og:description\" content=\"Consulta c\u00f3mo fue la Crisis econ\u00f3mica de la (mal llamada) Gripe Espa\u00f1ola de 1918, y en qu\u00e9 se parece a la actual.\" \/>\n<meta property=\"og:url\" content=\"https:\/\/www.top5credits.com\/es\/articulos\/crisis-economica-de-la-gripe-espanola-de-1918\/\" \/>\n<meta property=\"og:site_name\" content=\"Top5Credits.com Espa\u00f1a\" \/>\n<meta property=\"article:publisher\" content=\"https:\/\/www.facebook.com\/Top5Creditscom-Espa%c3%b1a-109158667157057\" \/>\n<meta property=\"article:published_time\" content=\"2020-06-01T11:35:16+00:00\" \/>\n<meta property=\"article:modified_time\" content=\"2023-11-16T10:51:42+00:00\" \/>\n<meta property=\"og:image\" content=\"https:\/\/cdn.top5credits.com\/es\/wp-content\/uploads\/sites\/8\/2020\/06\/gripe-espa\u00f1ola-1.jpg?cdn=1.1.1\" \/>\n\t<meta property=\"og:image:width\" content=\"1600\" \/>\n\t<meta property=\"og:image:height\" content=\"900\" \/>\n\t<meta property=\"og:image:type\" content=\"image\/jpeg\" \/>\n<meta name=\"author\" content=\"Ad\u00e1n\" \/>\n<meta name=\"twitter:card\" content=\"summary_large_image\" \/>\n<meta name=\"twitter:label1\" content=\"Escrito por\" \/>\n\t<meta name=\"twitter:data1\" content=\"Ad\u00e1n\" \/>\n\t<meta name=\"twitter:label2\" content=\"Tiempo de lectura\" \/>\n\t<meta name=\"twitter:data2\" content=\"7 minutos\" \/>\n<script type=\"application\/ld+json\" class=\"yoast-schema-graph\">{\"@context\":\"https:\\\/\\\/schema.org\",\"@graph\":[{\"@type\":\"Article\",\"@id\":\"https:\\\/\\\/www.top5credits.com\\\/es\\\/articulos\\\/crisis-economica-de-la-gripe-espanola-de-1918\\\/#article\",\"isPartOf\":{\"@id\":\"https:\\\/\\\/www.top5credits.com\\\/es\\\/articulos\\\/crisis-economica-de-la-gripe-espanola-de-1918\\\/\"},\"author\":{\"name\":\"Ad\u00e1n\",\"@id\":\"https:\\\/\\\/www.top5credits.com\\\/es\\\/#\\\/schema\\\/person\\\/0c7d80985d360536fbadde1795becf08\"},\"headline\":\"Crisis econ\u00f3mica de la Gripe Espa\u00f1ola de 1918\",\"datePublished\":\"2020-06-01T11:35:16+00:00\",\"dateModified\":\"2023-11-16T10:51:42+00:00\",\"mainEntityOfPage\":{\"@id\":\"https:\\\/\\\/www.top5credits.com\\\/es\\\/articulos\\\/crisis-economica-de-la-gripe-espanola-de-1918\\\/\"},\"wordCount\":1431,\"publisher\":{\"@id\":\"https:\\\/\\\/www.top5credits.com\\\/es\\\/#organization\"},\"image\":{\"@id\":\"https:\\\/\\\/www.top5credits.com\\\/es\\\/articulos\\\/crisis-economica-de-la-gripe-espanola-de-1918\\\/#primaryimage\"},\"thumbnailUrl\":\"https:\\\/\\\/www.top5credits.com\\\/es\\\/wp-content\\\/uploads\\\/sites\\\/8\\\/2020\\\/06\\\/gripe-espa\u00f1ola-1.jpg\",\"articleSection\":[\"Art\u00edculos\"],\"inLanguage\":\"es\"},{\"@type\":[\"WebPage\",\"FAQPage\"],\"@id\":\"https:\\\/\\\/www.top5credits.com\\\/es\\\/articulos\\\/crisis-economica-de-la-gripe-espanola-de-1918\\\/\",\"url\":\"https:\\\/\\\/www.top5credits.com\\\/es\\\/articulos\\\/crisis-economica-de-la-gripe-espanola-de-1918\\\/\",\"name\":\"Crisis econ\u00f3mica de la Gripe Espa\u00f1ola de 1918 - Top5Credits.com\",\"isPartOf\":{\"@id\":\"https:\\\/\\\/www.top5credits.com\\\/es\\\/#website\"},\"primaryImageOfPage\":{\"@id\":\"https:\\\/\\\/www.top5credits.com\\\/es\\\/articulos\\\/crisis-economica-de-la-gripe-espanola-de-1918\\\/#primaryimage\"},\"image\":{\"@id\":\"https:\\\/\\\/www.top5credits.com\\\/es\\\/articulos\\\/crisis-economica-de-la-gripe-espanola-de-1918\\\/#primaryimage\"},\"thumbnailUrl\":\"https:\\\/\\\/www.top5credits.com\\\/es\\\/wp-content\\\/uploads\\\/sites\\\/8\\\/2020\\\/06\\\/gripe-espa\u00f1ola-1.jpg\",\"datePublished\":\"2020-06-01T11:35:16+00:00\",\"dateModified\":\"2023-11-16T10:51:42+00:00\",\"description\":\"Consulta c\u00f3mo fue la Crisis econ\u00f3mica de la (mal llamada) Gripe Espa\u00f1ola de 1918, y en qu\u00e9 se parece a la actual.\",\"breadcrumb\":{\"@id\":\"https:\\\/\\\/www.top5credits.com\\\/es\\\/articulos\\\/crisis-economica-de-la-gripe-espanola-de-1918\\\/#breadcrumb\"},\"mainEntity\":[{\"@id\":\"https:\\\/\\\/www.top5credits.com\\\/es\\\/articulos\\\/crisis-economica-de-la-gripe-espanola-de-1918\\\/#faq-question-1700131851325\"},{\"@id\":\"https:\\\/\\\/www.top5credits.com\\\/es\\\/articulos\\\/crisis-economica-de-la-gripe-espanola-de-1918\\\/#faq-question-1700131870735\"},{\"@id\":\"https:\\\/\\\/www.top5credits.com\\\/es\\\/articulos\\\/crisis-economica-de-la-gripe-espanola-de-1918\\\/#faq-question-1700131870427\"},{\"@id\":\"https:\\\/\\\/www.top5credits.com\\\/es\\\/articulos\\\/crisis-economica-de-la-gripe-espanola-de-1918\\\/#faq-question-1700131870086\"},{\"@id\":\"https:\\\/\\\/www.top5credits.com\\\/es\\\/articulos\\\/crisis-economica-de-la-gripe-espanola-de-1918\\\/#faq-question-1700131869223\"}],\"inLanguage\":\"es\",\"potentialAction\":[{\"@type\":\"ReadAction\",\"target\":[\"https:\\\/\\\/www.top5credits.com\\\/es\\\/articulos\\\/crisis-economica-de-la-gripe-espanola-de-1918\\\/\"]}]},{\"@type\":\"ImageObject\",\"inLanguage\":\"es\",\"@id\":\"https:\\\/\\\/www.top5credits.com\\\/es\\\/articulos\\\/crisis-economica-de-la-gripe-espanola-de-1918\\\/#primaryimage\",\"url\":\"https:\\\/\\\/www.top5credits.com\\\/es\\\/wp-content\\\/uploads\\\/sites\\\/8\\\/2020\\\/06\\\/gripe-espa\u00f1ola-1.jpg\",\"contentUrl\":\"https:\\\/\\\/www.top5credits.com\\\/es\\\/wp-content\\\/uploads\\\/sites\\\/8\\\/2020\\\/06\\\/gripe-espa\u00f1ola-1.jpg\",\"width\":1600,\"height\":900},{\"@type\":\"BreadcrumbList\",\"@id\":\"https:\\\/\\\/www.top5credits.com\\\/es\\\/articulos\\\/crisis-economica-de-la-gripe-espanola-de-1918\\\/#breadcrumb\",\"itemListElement\":[{\"@type\":\"ListItem\",\"position\":1,\"name\":\"Top5Credits.com\",\"item\":\"https:\\\/\\\/www.top5credits.com\\\/es\\\/\"},{\"@type\":\"ListItem\",\"position\":2,\"name\":\"Art\u00edculos\",\"item\":\"https:\\\/\\\/www.top5credits.com\\\/es\\\/articulos\\\/\"},{\"@type\":\"ListItem\",\"position\":3,\"name\":\"Crisis econ\u00f3mica de la Gripe Espa\u00f1ola de 1918\"}]},{\"@type\":\"WebSite\",\"@id\":\"https:\\\/\\\/www.top5credits.com\\\/es\\\/#website\",\"url\":\"https:\\\/\\\/www.top5credits.com\\\/es\\\/\",\"name\":\"Top5Credits.com Espa\u00f1a\",\"description\":\"\",\"publisher\":{\"@id\":\"https:\\\/\\\/www.top5credits.com\\\/es\\\/#organization\"},\"potentialAction\":[{\"@type\":\"SearchAction\",\"target\":{\"@type\":\"EntryPoint\",\"urlTemplate\":\"https:\\\/\\\/www.top5credits.com\\\/es\\\/?s={search_term_string}\"},\"query-input\":{\"@type\":\"PropertyValueSpecification\",\"valueRequired\":true,\"valueName\":\"search_term_string\"}}],\"inLanguage\":\"es\"},{\"@type\":\"Organization\",\"@id\":\"https:\\\/\\\/www.top5credits.com\\\/es\\\/#organization\",\"name\":\"Top5Credits.com\",\"url\":\"https:\\\/\\\/www.top5credits.com\\\/es\\\/\",\"logo\":{\"@type\":\"ImageObject\",\"inLanguage\":\"es\",\"@id\":\"https:\\\/\\\/www.top5credits.com\\\/es\\\/#\\\/schema\\\/logo\\\/image\\\/\",\"url\":\"https:\\\/\\\/cdn.top5credits.com\\\/es\\\/wp-content\\\/uploads\\\/sites\\\/8\\\/2023\\\/10\\\/t5c-favicon.png\",\"contentUrl\":\"https:\\\/\\\/cdn.top5credits.com\\\/es\\\/wp-content\\\/uploads\\\/sites\\\/8\\\/2023\\\/10\\\/t5c-favicon.png\",\"width\":512,\"height\":512,\"caption\":\"Top5Credits.com\"},\"image\":{\"@id\":\"https:\\\/\\\/www.top5credits.com\\\/es\\\/#\\\/schema\\\/logo\\\/image\\\/\"},\"sameAs\":[\"https:\\\/\\\/www.facebook.com\\\/Top5Creditscom-Espa\u00f1a-109158667157057\"]},{\"@type\":\"Person\",\"@id\":\"https:\\\/\\\/www.top5credits.com\\\/es\\\/#\\\/schema\\\/person\\\/0c7d80985d360536fbadde1795becf08\",\"name\":\"Ad\u00e1n\",\"description\":\"Apasionado por el arte, la actualidad y la escritura. Con a\u00f1os de experiencia en finanzas y seguros, compaginado con varias colaboraciones con medios como Vice Espa\u00f1a y Movistar+.\",\"url\":\"https:\\\/\\\/www.top5credits.com\\\/es\\\/author\\\/adan\\\/\"},{\"@type\":\"Question\",\"@id\":\"https:\\\/\\\/www.top5credits.com\\\/es\\\/articulos\\\/crisis-economica-de-la-gripe-espanola-de-1918\\\/#faq-question-1700131851325\",\"position\":1,\"url\":\"https:\\\/\\\/www.top5credits.com\\\/es\\\/articulos\\\/crisis-economica-de-la-gripe-espanola-de-1918\\\/#faq-question-1700131851325\",\"name\":\"\u00bfPor qu\u00e9 se llam\u00f3 \\\"Gripe Espa\u00f1ola\\\" si se origin\u00f3 en Estados Unidos?\",\"answerCount\":1,\"acceptedAnswer\":{\"@type\":\"Answer\",\"text\":\"Dado a que Espa\u00f1a, siendo neutral en la Primera Guerra Mundial, fue uno de los pocos pa\u00edses que inform\u00f3 abiertamente sobre la enfermedad, esto llev\u00f3 al mundo a creer err\u00f3neamente que se origin\u00f3 all\u00ed.\",\"inLanguage\":\"es\"},\"inLanguage\":\"es\"},{\"@type\":\"Question\",\"@id\":\"https:\\\/\\\/www.top5credits.com\\\/es\\\/articulos\\\/crisis-economica-de-la-gripe-espanola-de-1918\\\/#faq-question-1700131870735\",\"position\":2,\"url\":\"https:\\\/\\\/www.top5credits.com\\\/es\\\/articulos\\\/crisis-economica-de-la-gripe-espanola-de-1918\\\/#faq-question-1700131870735\",\"name\":\"\u00bfQu\u00e9 impacto tuvo la Gripe Espa\u00f1ola en la econom\u00eda espa\u00f1ola?\",\"answerCount\":1,\"acceptedAnswer\":{\"@type\":\"Answer\",\"text\":\"Disminuy\u00f3 su PIB en un 6 % y afect\u00f3 principalmente a los trabajadores j\u00f3venes, paralizando la producci\u00f3n en muchas \u00e1reas.\",\"inLanguage\":\"es\"},\"inLanguage\":\"es\"},{\"@type\":\"Question\",\"@id\":\"https:\\\/\\\/www.top5credits.com\\\/es\\\/articulos\\\/crisis-economica-de-la-gripe-espanola-de-1918\\\/#faq-question-1700131870427\",\"position\":3,\"url\":\"https:\\\/\\\/www.top5credits.com\\\/es\\\/articulos\\\/crisis-economica-de-la-gripe-espanola-de-1918\\\/#faq-question-1700131870427\",\"name\":\"\u00bfCu\u00e1nto tiempo dur\u00f3 la crisis econ\u00f3mica causada por la Gripe Espa\u00f1ola?\",\"answerCount\":1,\"acceptedAnswer\":{\"@type\":\"Answer\",\"text\":\"Perdur\u00f3 desde 1918 hasta 1920, siendo una crisis aguda pero relativamente breve.\",\"inLanguage\":\"es\"},\"inLanguage\":\"es\"},{\"@type\":\"Question\",\"@id\":\"https:\\\/\\\/www.top5credits.com\\\/es\\\/articulos\\\/crisis-economica-de-la-gripe-espanola-de-1918\\\/#faq-question-1700131870086\",\"position\":4,\"url\":\"https:\\\/\\\/www.top5credits.com\\\/es\\\/articulos\\\/crisis-economica-de-la-gripe-espanola-de-1918\\\/#faq-question-1700131870086\",\"name\":\"\u00bfC\u00f3mo se compara la crisis econ\u00f3mica de la Gripe Espa\u00f1ola con la del Coronavirus?\",\"answerCount\":1,\"acceptedAnswer\":{\"@type\":\"Answer\",\"text\":\"Aunque hay similitudes, la crisis actual podr\u00eda ser m\u00e1s aguda debido a factores como la globalizaci\u00f3n y la dependencia de mercados internacionales.\",\"inLanguage\":\"es\"},\"inLanguage\":\"es\"},{\"@type\":\"Question\",\"@id\":\"https:\\\/\\\/www.top5credits.com\\\/es\\\/articulos\\\/crisis-economica-de-la-gripe-espanola-de-1918\\\/#faq-question-1700131869223\",\"position\":5,\"url\":\"https:\\\/\\\/www.top5credits.com\\\/es\\\/articulos\\\/crisis-economica-de-la-gripe-espanola-de-1918\\\/#faq-question-1700131869223\",\"name\":\"\u00bfSe espera que la crisis del Coronavirus sea tan grave como la crisis del 2008?\",\"answerCount\":1,\"acceptedAnswer\":{\"@type\":\"Answer\",\"text\":\"Se considera que, aunque probablemente sea m\u00e1s aguda que la de la Gripe Espa\u00f1ola, no se anticipa que alcance la gravedad de la crisis del 2008.\",\"inLanguage\":\"es\"},\"inLanguage\":\"es\"}]}<\/script>\n<!-- \/ Yoast SEO plugin. -->","yoast_head_json":{"title":"Crisis econ\u00f3mica de la Gripe Espa\u00f1ola de 1918 - Top5Credits.com","description":"Consulta c\u00f3mo fue la Crisis econ\u00f3mica de la (mal llamada) Gripe Espa\u00f1ola de 1918, y en qu\u00e9 se parece a la actual.","robots":{"index":"index","follow":"follow","max-snippet":"max-snippet:-1","max-image-preview":"max-image-preview:large","max-video-preview":"max-video-preview:-1"},"canonical":"https:\/\/www.top5credits.com\/es\/articulos\/crisis-economica-de-la-gripe-espanola-de-1918\/","og_locale":"es_ES","og_type":"article","og_title":"Crisis econ\u00f3mica de la Gripe Espa\u00f1ola de 1918 - Top5Credits.com","og_description":"Consulta c\u00f3mo fue la Crisis econ\u00f3mica de la (mal llamada) Gripe Espa\u00f1ola de 1918, y en qu\u00e9 se parece a la actual.","og_url":"https:\/\/www.top5credits.com\/es\/articulos\/crisis-economica-de-la-gripe-espanola-de-1918\/","og_site_name":"Top5Credits.com Espa\u00f1a","article_publisher":"https:\/\/www.facebook.com\/Top5Creditscom-Espa%c3%b1a-109158667157057","article_published_time":"2020-06-01T11:35:16+00:00","article_modified_time":"2023-11-16T10:51:42+00:00","og_image":[{"width":1600,"height":900,"url":"https:\/\/cdn.top5credits.com\/es\/wp-content\/uploads\/sites\/8\/2020\/06\/gripe-espa\u00f1ola-1.jpg?cdn=1.1.1","type":"image\/jpeg"}],"author":"Ad\u00e1n","twitter_card":"summary_large_image","twitter_misc":{"Escrito por":"Ad\u00e1n","Tiempo de lectura":"7 minutos"},"schema":{"@context":"https:\/\/schema.org","@graph":[{"@type":"Article","@id":"https:\/\/www.top5credits.com\/es\/articulos\/crisis-economica-de-la-gripe-espanola-de-1918\/#article","isPartOf":{"@id":"https:\/\/www.top5credits.com\/es\/articulos\/crisis-economica-de-la-gripe-espanola-de-1918\/"},"author":{"name":"Ad\u00e1n","@id":"https:\/\/www.top5credits.com\/es\/#\/schema\/person\/0c7d80985d360536fbadde1795becf08"},"headline":"Crisis econ\u00f3mica de la Gripe Espa\u00f1ola de 1918","datePublished":"2020-06-01T11:35:16+00:00","dateModified":"2023-11-16T10:51:42+00:00","mainEntityOfPage":{"@id":"https:\/\/www.top5credits.com\/es\/articulos\/crisis-economica-de-la-gripe-espanola-de-1918\/"},"wordCount":1431,"publisher":{"@id":"https:\/\/www.top5credits.com\/es\/#organization"},"image":{"@id":"https:\/\/www.top5credits.com\/es\/articulos\/crisis-economica-de-la-gripe-espanola-de-1918\/#primaryimage"},"thumbnailUrl":"https:\/\/cdn.top5credits.com\/es\/wp-content\/uploads\/sites\/8\/2020\/06\/gripe-espa\u00f1ola-1.jpg?cdn=1.1.1","articleSection":["Art\u00edculos"],"inLanguage":"es"},{"@type":["WebPage","FAQPage"],"@id":"https:\/\/www.top5credits.com\/es\/articulos\/crisis-economica-de-la-gripe-espanola-de-1918\/","url":"https:\/\/www.top5credits.com\/es\/articulos\/crisis-economica-de-la-gripe-espanola-de-1918\/","name":"Crisis econ\u00f3mica de la Gripe Espa\u00f1ola de 1918 - Top5Credits.com","isPartOf":{"@id":"https:\/\/www.top5credits.com\/es\/#website"},"primaryImageOfPage":{"@id":"https:\/\/www.top5credits.com\/es\/articulos\/crisis-economica-de-la-gripe-espanola-de-1918\/#primaryimage"},"image":{"@id":"https:\/\/www.top5credits.com\/es\/articulos\/crisis-economica-de-la-gripe-espanola-de-1918\/#primaryimage"},"thumbnailUrl":"https:\/\/cdn.top5credits.com\/es\/wp-content\/uploads\/sites\/8\/2020\/06\/gripe-espa\u00f1ola-1.jpg?cdn=1.1.1","datePublished":"2020-06-01T11:35:16+00:00","dateModified":"2023-11-16T10:51:42+00:00","description":"Consulta c\u00f3mo fue la Crisis econ\u00f3mica de la (mal llamada) Gripe Espa\u00f1ola de 1918, y en qu\u00e9 se parece a la actual.","breadcrumb":{"@id":"https:\/\/www.top5credits.com\/es\/articulos\/crisis-economica-de-la-gripe-espanola-de-1918\/#breadcrumb"},"mainEntity":[{"@id":"https:\/\/www.top5credits.com\/es\/articulos\/crisis-economica-de-la-gripe-espanola-de-1918\/#faq-question-1700131851325"},{"@id":"https:\/\/www.top5credits.com\/es\/articulos\/crisis-economica-de-la-gripe-espanola-de-1918\/#faq-question-1700131870735"},{"@id":"https:\/\/www.top5credits.com\/es\/articulos\/crisis-economica-de-la-gripe-espanola-de-1918\/#faq-question-1700131870427"},{"@id":"https:\/\/www.top5credits.com\/es\/articulos\/crisis-economica-de-la-gripe-espanola-de-1918\/#faq-question-1700131870086"},{"@id":"https:\/\/www.top5credits.com\/es\/articulos\/crisis-economica-de-la-gripe-espanola-de-1918\/#faq-question-1700131869223"}],"inLanguage":"es","potentialAction":[{"@type":"ReadAction","target":["https:\/\/www.top5credits.com\/es\/articulos\/crisis-economica-de-la-gripe-espanola-de-1918\/"]}]},{"@type":"ImageObject","inLanguage":"es","@id":"https:\/\/www.top5credits.com\/es\/articulos\/crisis-economica-de-la-gripe-espanola-de-1918\/#primaryimage","url":"https:\/\/cdn.top5credits.com\/es\/wp-content\/uploads\/sites\/8\/2020\/06\/gripe-espa\u00f1ola-1.jpg?cdn=1.1.1","contentUrl":"https:\/\/cdn.top5credits.com\/es\/wp-content\/uploads\/sites\/8\/2020\/06\/gripe-espa\u00f1ola-1.jpg?cdn=1.1.1","width":1600,"height":900},{"@type":"BreadcrumbList","@id":"https:\/\/www.top5credits.com\/es\/articulos\/crisis-economica-de-la-gripe-espanola-de-1918\/#breadcrumb","itemListElement":[{"@type":"ListItem","position":1,"name":"Top5Credits.com","item":"https:\/\/www.top5credits.com\/es\/"},{"@type":"ListItem","position":2,"name":"Art\u00edculos","item":"https:\/\/www.top5credits.com\/es\/articulos\/"},{"@type":"ListItem","position":3,"name":"Crisis econ\u00f3mica de la Gripe Espa\u00f1ola de 1918"}]},{"@type":"WebSite","@id":"https:\/\/www.top5credits.com\/es\/#website","url":"https:\/\/www.top5credits.com\/es\/","name":"Top5Credits.com Espa\u00f1a","description":"","publisher":{"@id":"https:\/\/www.top5credits.com\/es\/#organization"},"potentialAction":[{"@type":"SearchAction","target":{"@type":"EntryPoint","urlTemplate":"https:\/\/www.top5credits.com\/es\/?s={search_term_string}"},"query-input":{"@type":"PropertyValueSpecification","valueRequired":true,"valueName":"search_term_string"}}],"inLanguage":"es"},{"@type":"Organization","@id":"https:\/\/www.top5credits.com\/es\/#organization","name":"Top5Credits.com","url":"https:\/\/www.top5credits.com\/es\/","logo":{"@type":"ImageObject","inLanguage":"es","@id":"https:\/\/www.top5credits.com\/es\/#\/schema\/logo\/image\/","url":"https:\/\/cdn.top5credits.com\/es\/wp-content\/uploads\/sites\/8\/2023\/10\/t5c-favicon.png","contentUrl":"https:\/\/cdn.top5credits.com\/es\/wp-content\/uploads\/sites\/8\/2023\/10\/t5c-favicon.png","width":512,"height":512,"caption":"Top5Credits.com"},"image":{"@id":"https:\/\/www.top5credits.com\/es\/#\/schema\/logo\/image\/"},"sameAs":["https:\/\/www.facebook.com\/Top5Creditscom-Espa\u00f1a-109158667157057"]},{"@type":"Person","@id":"https:\/\/www.top5credits.com\/es\/#\/schema\/person\/0c7d80985d360536fbadde1795becf08","name":"Ad\u00e1n","description":"Apasionado por el arte, la actualidad y la escritura. Con a\u00f1os de experiencia en finanzas y seguros, compaginado con varias colaboraciones con medios como Vice Espa\u00f1a y Movistar+.","url":"https:\/\/www.top5credits.com\/es\/author\/adan\/"},{"@type":"Question","@id":"https:\/\/www.top5credits.com\/es\/articulos\/crisis-economica-de-la-gripe-espanola-de-1918\/#faq-question-1700131851325","position":1,"url":"https:\/\/www.top5credits.com\/es\/articulos\/crisis-economica-de-la-gripe-espanola-de-1918\/#faq-question-1700131851325","name":"\u00bfPor qu\u00e9 se llam\u00f3 \"Gripe Espa\u00f1ola\" si se origin\u00f3 en Estados Unidos?","answerCount":1,"acceptedAnswer":{"@type":"Answer","text":"Dado a que Espa\u00f1a, siendo neutral en la Primera Guerra Mundial, fue uno de los pocos pa\u00edses que inform\u00f3 abiertamente sobre la enfermedad, esto llev\u00f3 al mundo a creer err\u00f3neamente que se origin\u00f3 all\u00ed.","inLanguage":"es"},"inLanguage":"es"},{"@type":"Question","@id":"https:\/\/www.top5credits.com\/es\/articulos\/crisis-economica-de-la-gripe-espanola-de-1918\/#faq-question-1700131870735","position":2,"url":"https:\/\/www.top5credits.com\/es\/articulos\/crisis-economica-de-la-gripe-espanola-de-1918\/#faq-question-1700131870735","name":"\u00bfQu\u00e9 impacto tuvo la Gripe Espa\u00f1ola en la econom\u00eda espa\u00f1ola?","answerCount":1,"acceptedAnswer":{"@type":"Answer","text":"Disminuy\u00f3 su PIB en un 6 % y afect\u00f3 principalmente a los trabajadores j\u00f3venes, paralizando la producci\u00f3n en muchas \u00e1reas.","inLanguage":"es"},"inLanguage":"es"},{"@type":"Question","@id":"https:\/\/www.top5credits.com\/es\/articulos\/crisis-economica-de-la-gripe-espanola-de-1918\/#faq-question-1700131870427","position":3,"url":"https:\/\/www.top5credits.com\/es\/articulos\/crisis-economica-de-la-gripe-espanola-de-1918\/#faq-question-1700131870427","name":"\u00bfCu\u00e1nto tiempo dur\u00f3 la crisis econ\u00f3mica causada por la Gripe Espa\u00f1ola?","answerCount":1,"acceptedAnswer":{"@type":"Answer","text":"Perdur\u00f3 desde 1918 hasta 1920, siendo una crisis aguda pero relativamente breve.","inLanguage":"es"},"inLanguage":"es"},{"@type":"Question","@id":"https:\/\/www.top5credits.com\/es\/articulos\/crisis-economica-de-la-gripe-espanola-de-1918\/#faq-question-1700131870086","position":4,"url":"https:\/\/www.top5credits.com\/es\/articulos\/crisis-economica-de-la-gripe-espanola-de-1918\/#faq-question-1700131870086","name":"\u00bfC\u00f3mo se compara la crisis econ\u00f3mica de la Gripe Espa\u00f1ola con la del Coronavirus?","answerCount":1,"acceptedAnswer":{"@type":"Answer","text":"Aunque hay similitudes, la crisis actual podr\u00eda ser m\u00e1s aguda debido a factores como la globalizaci\u00f3n y la dependencia de mercados internacionales.","inLanguage":"es"},"inLanguage":"es"},{"@type":"Question","@id":"https:\/\/www.top5credits.com\/es\/articulos\/crisis-economica-de-la-gripe-espanola-de-1918\/#faq-question-1700131869223","position":5,"url":"https:\/\/www.top5credits.com\/es\/articulos\/crisis-economica-de-la-gripe-espanola-de-1918\/#faq-question-1700131869223","name":"\u00bfSe espera que la crisis del Coronavirus sea tan grave como la crisis del 2008?","answerCount":1,"acceptedAnswer":{"@type":"Answer","text":"Se considera que, aunque probablemente sea m\u00e1s aguda que la de la Gripe Espa\u00f1ola, no se anticipa que alcance la gravedad de la crisis del 2008.","inLanguage":"es"},"inLanguage":"es"}]}},"_links":{"self":[{"href":"https:\/\/www.top5credits.com\/es\/wp-json\/wp\/v2\/posts\/3430","targetHints":{"allow":["GET"]}}],"collection":[{"href":"https:\/\/www.top5credits.com\/es\/wp-json\/wp\/v2\/posts"}],"about":[{"href":"https:\/\/www.top5credits.com\/es\/wp-json\/wp\/v2\/types\/post"}],"author":[{"embeddable":true,"href":"https:\/\/www.top5credits.com\/es\/wp-json\/wp\/v2\/users\/13"}],"replies":[{"embeddable":true,"href":"https:\/\/www.top5credits.com\/es\/wp-json\/wp\/v2\/comments?post=3430"}],"version-history":[{"count":0,"href":"https:\/\/www.top5credits.com\/es\/wp-json\/wp\/v2\/posts\/3430\/revisions"}],"wp:featuredmedia":[{"embeddable":true,"href":"https:\/\/www.top5credits.com\/es\/wp-json\/wp\/v2\/media\/3438"}],"wp:attachment":[{"href":"https:\/\/www.top5credits.com\/es\/wp-json\/wp\/v2\/media?parent=3430"}],"wp:term":[{"taxonomy":"category","embeddable":true,"href":"https:\/\/www.top5credits.com\/es\/wp-json\/wp\/v2\/categories?post=3430"},{"taxonomy":"post_tag","embeddable":true,"href":"https:\/\/www.top5credits.com\/es\/wp-json\/wp\/v2\/tags?post=3430"}],"curies":[{"name":"wp","href":"https:\/\/api.w.org\/{rel}","templated":true}]}}