{"id":3457,"date":"2020-06-05T12:02:44","date_gmt":"2020-06-05T12:02:44","guid":{"rendered":"https:\/\/www.top5credits.com\/es\/?p=3457"},"modified":"2022-12-07T12:18:29","modified_gmt":"2022-12-07T12:18:29","slug":"bajara-el-precio-de-la-vivienda-en-espana","status":"publish","type":"post","link":"https:\/\/www.top5credits.com\/es\/articulos\/bajara-el-precio-de-la-vivienda-en-espana\/","title":{"rendered":"\u00bfBajar\u00e1 el precio de la vivienda en Espa\u00f1a?"},"content":{"rendered":"\n<p>Las consecuencias que ha tra\u00eddo la crisis econ\u00f3mica del <strong><a href=\"https:\/\/www.top5credits.com\/es\/articulos\/prestamos-en-epoca-de-coronavirus\/\">Coronavirus<\/a><\/strong> sobre la econom\u00eda han supuesto un enorme varapalo para la mayor\u00eda de los espa\u00f1oles. No obstante, entre muchos se repite la misma pregunta, casi como esperando un rayo de sol. <strong>\u00bfBajar\u00e1 el precio de la vivienda?<\/strong><\/p>\n\n\n\n<p>Parece ser que todos los analistas coinciden en lo siguiente: s\u00ed habr\u00e1 una ca\u00edda del precio a corto plazo. Esto es bastante previsible, ya que <strong>la propia cuarentena y cierre de fronteras<\/strong>, ha hecho que los propietarios de pisos tur\u00edsticos hayan puesto sus apartamentos en la oferta de alquiler com\u00fan. Y, <strong>a m\u00e1s oferta, m\u00e1s competitividad<\/strong> y mejores precios.<\/p>\n\n\n\n<p>Adem\u00e1s, la crisis ha golpeado especialmente durante los periodos de cuarentena, por lo que muchas personas han perdido sus puestos de trabajo. Esto significa que la poblaci\u00f3n, a rasgos generales, <strong>no tiene la misma solvencia que hace unos meses<\/strong>, por lo que las inmobiliarias y caseros tendr\u00e1n que rebajar sus expectativas.<\/p>\n\n\n\n<h2 class=\"wp-block-heading\">\u00bfCu\u00e1nto han bajado los precios? \u00bfbajar\u00e1 el precio de la vivienda?<\/h2>\n\n\n\n<p>Que los precios ya han bajado es una realidad. Prueba de esto es que ya se ha producido <strong>una ca\u00edda del 0,8% en el primer trimestre de 2020<\/strong>. Adem\u00e1s, se ha producido una ca\u00edda del 30% del mercado inmobiliario, lo que sin duda es un factor determinante a la hora de bajar los precios.<\/p>\n\n\n\n<p>Por ello, es bastante seguro afirmar que \u00e9sta bajada de precios ya se ha producido, y no es m\u00e1s una teor\u00eda, si no un hecho confirmado. Pero aunque esto suena bien de cara a que nos queramos comprar la casa de nuestros sue\u00f1os, por desgracia.<strong> ir\u00e1 acompa\u00f1ado de una bajada del 5% del <a href=\"https:\/\/www.top5credits.com\/es\/glosario\/pib\/\">PIB<\/a><\/strong> seg\u00fan ciertos analistas.<\/p>\n\n\n<div class=\"wp-block-image\">\n<figure class=\"aligncenter size-large\"><img loading=\"lazy\" decoding=\"async\" width=\"1024\" height=\"768\" src=\"https:\/\/cdn.top5credits.com\/es\/wp-content\/uploads\/sites\/8\/2020\/06\/caida-precios-vivienda-1024x768.jpg?cdn=1.1.1\" alt=\"\" class=\"wp-image-3462\" srcset=\"https:\/\/cdn.top5credits.com\/es\/wp-content\/uploads\/sites\/8\/2020\/06\/caida-precios-vivienda-1024x768.jpg?cdn=1.1.1 1024w, https:\/\/cdn.top5credits.com\/es\/wp-content\/uploads\/sites\/8\/2020\/06\/caida-precios-vivienda-300x225.jpg?cdn=1.1.1 300w, https:\/\/cdn.top5credits.com\/es\/wp-content\/uploads\/sites\/8\/2020\/06\/caida-precios-vivienda-768x576.jpg?cdn=1.1.1 768w, https:\/\/cdn.top5credits.com\/es\/wp-content\/uploads\/sites\/8\/2020\/06\/caida-precios-vivienda.jpg?cdn=1.1.1 1280w\" sizes=\"auto, (max-width: 1024px) 100vw, 1024px\" \/><figcaption class=\"wp-element-caption\">Los mercados ya han bajado; exactamente un 0,8% el primer trimestre.<\/figcaption><\/figure>\n<\/div>\n\n\n<h2 class=\"wp-block-heading\">\u00bfD\u00f3nde bajar\u00e1n m\u00e1s los precios?<\/h2>\n\n\n\n<p>Respecto a d\u00f3nde bajar\u00e1 el precio de la vivienda en mayor medida, el consenso suele ser bastante un\u00e1nime.<\/p>\n\n\n\n<p>Por un lado, las grandes ciudades como <strong>Madrid o Barcelona<\/strong>, cuyos precios han subido de manera descontrolada los \u00faltimos a\u00f1os, son los primeros que se desinflar\u00e1n. Adem\u00e1s, este tipo de ciudades, adem\u00e1s de su densidad de poblaci\u00f3n, tambi\u00e9n son tierra de apartamentos tur\u00edsticos.<\/p>\n\n\n\n<p>Y es que las otras zonas m\u00e1s afectadas ser\u00e1n<strong> las zonas tur\u00edsticas<\/strong>. Como dec\u00edamos, los pisos y apartamentos tur\u00edsticos, con las actuales restricciones, han perdido su negocio, y ahora han tenido que reconvertir su oferta de vacacional a habitacional, creando mucha m\u00e1s competencia.<\/p>\n\n\n\n<h2 class=\"wp-block-heading\">\u00bfSeguir\u00e1n bajando los precios? \u00bfbajar\u00e1 el precio de la vivienda?<\/h2>\n\n\n\n<p>Esta es la pregunta m\u00e1s dif\u00edcil de responder. Y es que hay dos tendencias: quienes apuestan a que seguir\u00e1 haci\u00e9ndolo, y quienes creen que se tratar\u00e1 de una peque\u00f1a crisis pasajera.<\/p>\n\n\n\n<p>En el primer grupo, hay quienes indican que habr\u00e1 <strong>una bajada de hasta el 6%<\/strong>, que no se recuperar\u00e1 hasta el 2022. Esto, de nuevo, es un arma de doble filo, ya que el hecho de que los precios bajen tambi\u00e9n significar\u00e1 que la crisis econ\u00f3mica nos acompa\u00f1ar\u00e1 dicha temporada. No obstante, si tenemos la suerte de tener nuestros ingresos asegurados, puede ser una buena noticia.<\/p>\n\n\n\n<p>En cambio, hay quienes creen que <strong>esta crisis<\/strong> est\u00e1 motivada m\u00e1s por el confinamiento que por el virus, por lo que una vez se vuelvan a abrir fronteras, <strong>todo volver\u00e1 a la normalidad<\/strong>. Aunque muchos crean que es un exceso de optimismo, hay que recordar que las crisis econ\u00f3micas anterior por pandemias (como la <a href=\"https:\/\/www.top5credits.com\/es\/articulos\/crisis-economica-de-la-gripe-espanola-de-1918\/\"><strong>crisis de la Gripe Espa\u00f1ola<\/strong><\/a>) tambi\u00e9n se han resuelto de manera r\u00e1pida.<\/p>\n","protected":false},"excerpt":{"rendered":"<p>Las consecuencias que ha tra\u00eddo la crisis econ\u00f3mica del Coronavirus sobre la econom\u00eda han supuesto un enorme varapalo para la mayor\u00eda de los espa\u00f1oles. No<\/p>\n<p class=\"more-link\">Seguir leyendo <span class=\"screen-reader-text\">\u00bfBajar\u00e1 el precio de la vivienda en Espa\u00f1a?<\/span><\/p>\n","protected":false},"author":13,"featured_media":3461,"comment_status":"closed","ping_status":"closed","sticky":false,"template":"page-artikkeli.php","format":"standard","meta":{"footnotes":""},"categories":[18],"tags":[],"class_list":["post-3457","post","type-post","status-publish","format-standard","has-post-thumbnail","hentry","category-articulos","entry"],"yoast_head":"<!-- This site is optimized with the Yoast SEO plugin v27.3 - https:\/\/yoast.com\/product\/yoast-seo-wordpress\/ -->\n<title>\u00bfBajar\u00e1 el precio de la vivienda en Espa\u00f1a? - Top5Credits.com<\/title>\n<meta name=\"description\" content=\"\u00bfQuieres saber si bajar\u00e1 el precio de la vivienda a causa de la crisis del Covid-19? \u00bfSer\u00e1 temporal? \u00bfD\u00f3nde bajar\u00e1 m\u00e1s? Desc\u00fabrelo.\" \/>\n<meta name=\"robots\" content=\"index, follow, max-snippet:-1, max-image-preview:large, max-video-preview:-1\" \/>\n<link rel=\"canonical\" href=\"https:\/\/www.top5credits.com\/es\/articulos\/bajara-el-precio-de-la-vivienda-en-espana\/\" \/>\n<meta property=\"og:locale\" content=\"es_ES\" \/>\n<meta property=\"og:type\" content=\"article\" \/>\n<meta property=\"og:title\" content=\"\u00bfBajar\u00e1 el precio de la vivienda en Espa\u00f1a? - Top5Credits.com\" \/>\n<meta property=\"og:description\" content=\"\u00bfQuieres saber si bajar\u00e1 el precio de la vivienda a causa de la crisis del Covid-19? \u00bfSer\u00e1 temporal? \u00bfD\u00f3nde bajar\u00e1 m\u00e1s? Desc\u00fabrelo.\" \/>\n<meta property=\"og:url\" content=\"https:\/\/www.top5credits.com\/es\/articulos\/bajara-el-precio-de-la-vivienda-en-espana\/\" \/>\n<meta property=\"og:site_name\" content=\"Top5Credits.com Espa\u00f1a\" \/>\n<meta property=\"article:publisher\" content=\"https:\/\/www.facebook.com\/Top5Creditscom-Espa%c3%b1a-109158667157057\" \/>\n<meta property=\"article:published_time\" content=\"2020-06-05T12:02:44+00:00\" \/>\n<meta property=\"article:modified_time\" content=\"2022-12-07T12:18:29+00:00\" \/>\n<meta property=\"og:image\" content=\"https:\/\/cdn.top5credits.com\/es\/wp-content\/uploads\/sites\/8\/2020\/06\/bajar\u00e1-el-precio-de-la-vivienda.jpg?cdn=1.1.1\" \/>\n\t<meta property=\"og:image:width\" content=\"1280\" \/>\n\t<meta property=\"og:image:height\" content=\"853\" \/>\n\t<meta property=\"og:image:type\" content=\"image\/jpeg\" \/>\n<meta name=\"author\" content=\"Ad\u00e1n\" \/>\n<meta name=\"twitter:card\" content=\"summary_large_image\" \/>\n<meta name=\"twitter:label1\" content=\"Escrito por\" \/>\n\t<meta name=\"twitter:data1\" content=\"Ad\u00e1n\" \/>\n\t<meta name=\"twitter:label2\" content=\"Tiempo de lectura\" \/>\n\t<meta name=\"twitter:data2\" content=\"3 minutos\" \/>\n<script type=\"application\/ld+json\" class=\"yoast-schema-graph\">{\"@context\":\"https:\\\/\\\/schema.org\",\"@graph\":[{\"@type\":\"Article\",\"@id\":\"https:\\\/\\\/www.top5credits.com\\\/es\\\/articulos\\\/bajara-el-precio-de-la-vivienda-en-espana\\\/#article\",\"isPartOf\":{\"@id\":\"https:\\\/\\\/www.top5credits.com\\\/es\\\/articulos\\\/bajara-el-precio-de-la-vivienda-en-espana\\\/\"},\"author\":{\"name\":\"Ad\u00e1n\",\"@id\":\"https:\\\/\\\/www.top5credits.com\\\/es\\\/#\\\/schema\\\/person\\\/0c7d80985d360536fbadde1795becf08\"},\"headline\":\"\u00bfBajar\u00e1 el precio de la vivienda en Espa\u00f1a?\",\"datePublished\":\"2020-06-05T12:02:44+00:00\",\"dateModified\":\"2022-12-07T12:18:29+00:00\",\"mainEntityOfPage\":{\"@id\":\"https:\\\/\\\/www.top5credits.com\\\/es\\\/articulos\\\/bajara-el-precio-de-la-vivienda-en-espana\\\/\"},\"wordCount\":626,\"publisher\":{\"@id\":\"https:\\\/\\\/www.top5credits.com\\\/es\\\/#organization\"},\"image\":{\"@id\":\"https:\\\/\\\/www.top5credits.com\\\/es\\\/articulos\\\/bajara-el-precio-de-la-vivienda-en-espana\\\/#primaryimage\"},\"thumbnailUrl\":\"https:\\\/\\\/www.top5credits.com\\\/es\\\/wp-content\\\/uploads\\\/sites\\\/8\\\/2020\\\/06\\\/bajar\u00e1-el-precio-de-la-vivienda.jpg\",\"articleSection\":[\"Art\u00edculos\"],\"inLanguage\":\"es\"},{\"@type\":\"WebPage\",\"@id\":\"https:\\\/\\\/www.top5credits.com\\\/es\\\/articulos\\\/bajara-el-precio-de-la-vivienda-en-espana\\\/\",\"url\":\"https:\\\/\\\/www.top5credits.com\\\/es\\\/articulos\\\/bajara-el-precio-de-la-vivienda-en-espana\\\/\",\"name\":\"\u00bfBajar\u00e1 el precio de la vivienda en Espa\u00f1a? - Top5Credits.com\",\"isPartOf\":{\"@id\":\"https:\\\/\\\/www.top5credits.com\\\/es\\\/#website\"},\"primaryImageOfPage\":{\"@id\":\"https:\\\/\\\/www.top5credits.com\\\/es\\\/articulos\\\/bajara-el-precio-de-la-vivienda-en-espana\\\/#primaryimage\"},\"image\":{\"@id\":\"https:\\\/\\\/www.top5credits.com\\\/es\\\/articulos\\\/bajara-el-precio-de-la-vivienda-en-espana\\\/#primaryimage\"},\"thumbnailUrl\":\"https:\\\/\\\/www.top5credits.com\\\/es\\\/wp-content\\\/uploads\\\/sites\\\/8\\\/2020\\\/06\\\/bajar\u00e1-el-precio-de-la-vivienda.jpg\",\"datePublished\":\"2020-06-05T12:02:44+00:00\",\"dateModified\":\"2022-12-07T12:18:29+00:00\",\"description\":\"\u00bfQuieres saber si bajar\u00e1 el precio de la vivienda a causa de la crisis del Covid-19? \u00bfSer\u00e1 temporal? \u00bfD\u00f3nde bajar\u00e1 m\u00e1s? Desc\u00fabrelo.\",\"breadcrumb\":{\"@id\":\"https:\\\/\\\/www.top5credits.com\\\/es\\\/articulos\\\/bajara-el-precio-de-la-vivienda-en-espana\\\/#breadcrumb\"},\"inLanguage\":\"es\",\"potentialAction\":[{\"@type\":\"ReadAction\",\"target\":[\"https:\\\/\\\/www.top5credits.com\\\/es\\\/articulos\\\/bajara-el-precio-de-la-vivienda-en-espana\\\/\"]}]},{\"@type\":\"ImageObject\",\"inLanguage\":\"es\",\"@id\":\"https:\\\/\\\/www.top5credits.com\\\/es\\\/articulos\\\/bajara-el-precio-de-la-vivienda-en-espana\\\/#primaryimage\",\"url\":\"https:\\\/\\\/www.top5credits.com\\\/es\\\/wp-content\\\/uploads\\\/sites\\\/8\\\/2020\\\/06\\\/bajar\u00e1-el-precio-de-la-vivienda.jpg\",\"contentUrl\":\"https:\\\/\\\/www.top5credits.com\\\/es\\\/wp-content\\\/uploads\\\/sites\\\/8\\\/2020\\\/06\\\/bajar\u00e1-el-precio-de-la-vivienda.jpg\",\"width\":1280,\"height\":853,\"caption\":\"bajada precio vivienda\"},{\"@type\":\"BreadcrumbList\",\"@id\":\"https:\\\/\\\/www.top5credits.com\\\/es\\\/articulos\\\/bajara-el-precio-de-la-vivienda-en-espana\\\/#breadcrumb\",\"itemListElement\":[{\"@type\":\"ListItem\",\"position\":1,\"name\":\"Top5Credits.com\",\"item\":\"https:\\\/\\\/www.top5credits.com\\\/es\\\/\"},{\"@type\":\"ListItem\",\"position\":2,\"name\":\"Art\u00edculos\",\"item\":\"https:\\\/\\\/www.top5credits.com\\\/es\\\/articulos\\\/\"},{\"@type\":\"ListItem\",\"position\":3,\"name\":\"\u00bfBajar\u00e1 el precio de la vivienda en Espa\u00f1a?\"}]},{\"@type\":\"WebSite\",\"@id\":\"https:\\\/\\\/www.top5credits.com\\\/es\\\/#website\",\"url\":\"https:\\\/\\\/www.top5credits.com\\\/es\\\/\",\"name\":\"Top5Credits.com Espa\u00f1a\",\"description\":\"\",\"publisher\":{\"@id\":\"https:\\\/\\\/www.top5credits.com\\\/es\\\/#organization\"},\"potentialAction\":[{\"@type\":\"SearchAction\",\"target\":{\"@type\":\"EntryPoint\",\"urlTemplate\":\"https:\\\/\\\/www.top5credits.com\\\/es\\\/?s={search_term_string}\"},\"query-input\":{\"@type\":\"PropertyValueSpecification\",\"valueRequired\":true,\"valueName\":\"search_term_string\"}}],\"inLanguage\":\"es\"},{\"@type\":\"Organization\",\"@id\":\"https:\\\/\\\/www.top5credits.com\\\/es\\\/#organization\",\"name\":\"Top5Credits.com\",\"url\":\"https:\\\/\\\/www.top5credits.com\\\/es\\\/\",\"logo\":{\"@type\":\"ImageObject\",\"inLanguage\":\"es\",\"@id\":\"https:\\\/\\\/www.top5credits.com\\\/es\\\/#\\\/schema\\\/logo\\\/image\\\/\",\"url\":\"https:\\\/\\\/cdn.top5credits.com\\\/es\\\/wp-content\\\/uploads\\\/sites\\\/8\\\/2023\\\/10\\\/t5c-favicon.png\",\"contentUrl\":\"https:\\\/\\\/cdn.top5credits.com\\\/es\\\/wp-content\\\/uploads\\\/sites\\\/8\\\/2023\\\/10\\\/t5c-favicon.png\",\"width\":512,\"height\":512,\"caption\":\"Top5Credits.com\"},\"image\":{\"@id\":\"https:\\\/\\\/www.top5credits.com\\\/es\\\/#\\\/schema\\\/logo\\\/image\\\/\"},\"sameAs\":[\"https:\\\/\\\/www.facebook.com\\\/Top5Creditscom-Espa\u00f1a-109158667157057\"]},{\"@type\":\"Person\",\"@id\":\"https:\\\/\\\/www.top5credits.com\\\/es\\\/#\\\/schema\\\/person\\\/0c7d80985d360536fbadde1795becf08\",\"name\":\"Ad\u00e1n\",\"description\":\"Apasionado por el arte, la actualidad y la escritura. Con a\u00f1os de experiencia en finanzas y seguros, compaginado con varias colaboraciones con medios como Vice Espa\u00f1a y Movistar+.\",\"url\":\"https:\\\/\\\/www.top5credits.com\\\/es\\\/author\\\/adan\\\/\"}]}<\/script>\n<!-- \/ Yoast SEO plugin. -->","yoast_head_json":{"title":"\u00bfBajar\u00e1 el precio de la vivienda en Espa\u00f1a? - Top5Credits.com","description":"\u00bfQuieres saber si bajar\u00e1 el precio de la vivienda a causa de la crisis del Covid-19? \u00bfSer\u00e1 temporal? \u00bfD\u00f3nde bajar\u00e1 m\u00e1s? Desc\u00fabrelo.","robots":{"index":"index","follow":"follow","max-snippet":"max-snippet:-1","max-image-preview":"max-image-preview:large","max-video-preview":"max-video-preview:-1"},"canonical":"https:\/\/www.top5credits.com\/es\/articulos\/bajara-el-precio-de-la-vivienda-en-espana\/","og_locale":"es_ES","og_type":"article","og_title":"\u00bfBajar\u00e1 el precio de la vivienda en Espa\u00f1a? - Top5Credits.com","og_description":"\u00bfQuieres saber si bajar\u00e1 el precio de la vivienda a causa de la crisis del Covid-19? \u00bfSer\u00e1 temporal? \u00bfD\u00f3nde bajar\u00e1 m\u00e1s? Desc\u00fabrelo.","og_url":"https:\/\/www.top5credits.com\/es\/articulos\/bajara-el-precio-de-la-vivienda-en-espana\/","og_site_name":"Top5Credits.com Espa\u00f1a","article_publisher":"https:\/\/www.facebook.com\/Top5Creditscom-Espa%c3%b1a-109158667157057","article_published_time":"2020-06-05T12:02:44+00:00","article_modified_time":"2022-12-07T12:18:29+00:00","og_image":[{"width":1280,"height":853,"url":"https:\/\/cdn.top5credits.com\/es\/wp-content\/uploads\/sites\/8\/2020\/06\/bajar\u00e1-el-precio-de-la-vivienda.jpg?cdn=1.1.1","type":"image\/jpeg"}],"author":"Ad\u00e1n","twitter_card":"summary_large_image","twitter_misc":{"Escrito por":"Ad\u00e1n","Tiempo de lectura":"3 minutos"},"schema":{"@context":"https:\/\/schema.org","@graph":[{"@type":"Article","@id":"https:\/\/www.top5credits.com\/es\/articulos\/bajara-el-precio-de-la-vivienda-en-espana\/#article","isPartOf":{"@id":"https:\/\/www.top5credits.com\/es\/articulos\/bajara-el-precio-de-la-vivienda-en-espana\/"},"author":{"name":"Ad\u00e1n","@id":"https:\/\/www.top5credits.com\/es\/#\/schema\/person\/0c7d80985d360536fbadde1795becf08"},"headline":"\u00bfBajar\u00e1 el precio de la vivienda en Espa\u00f1a?","datePublished":"2020-06-05T12:02:44+00:00","dateModified":"2022-12-07T12:18:29+00:00","mainEntityOfPage":{"@id":"https:\/\/www.top5credits.com\/es\/articulos\/bajara-el-precio-de-la-vivienda-en-espana\/"},"wordCount":626,"publisher":{"@id":"https:\/\/www.top5credits.com\/es\/#organization"},"image":{"@id":"https:\/\/www.top5credits.com\/es\/articulos\/bajara-el-precio-de-la-vivienda-en-espana\/#primaryimage"},"thumbnailUrl":"https:\/\/cdn.top5credits.com\/es\/wp-content\/uploads\/sites\/8\/2020\/06\/bajar\u00e1-el-precio-de-la-vivienda.jpg?cdn=1.1.1","articleSection":["Art\u00edculos"],"inLanguage":"es"},{"@type":"WebPage","@id":"https:\/\/www.top5credits.com\/es\/articulos\/bajara-el-precio-de-la-vivienda-en-espana\/","url":"https:\/\/www.top5credits.com\/es\/articulos\/bajara-el-precio-de-la-vivienda-en-espana\/","name":"\u00bfBajar\u00e1 el precio de la vivienda en Espa\u00f1a? - Top5Credits.com","isPartOf":{"@id":"https:\/\/www.top5credits.com\/es\/#website"},"primaryImageOfPage":{"@id":"https:\/\/www.top5credits.com\/es\/articulos\/bajara-el-precio-de-la-vivienda-en-espana\/#primaryimage"},"image":{"@id":"https:\/\/www.top5credits.com\/es\/articulos\/bajara-el-precio-de-la-vivienda-en-espana\/#primaryimage"},"thumbnailUrl":"https:\/\/cdn.top5credits.com\/es\/wp-content\/uploads\/sites\/8\/2020\/06\/bajar\u00e1-el-precio-de-la-vivienda.jpg?cdn=1.1.1","datePublished":"2020-06-05T12:02:44+00:00","dateModified":"2022-12-07T12:18:29+00:00","description":"\u00bfQuieres saber si bajar\u00e1 el precio de la vivienda a causa de la crisis del Covid-19? \u00bfSer\u00e1 temporal? \u00bfD\u00f3nde bajar\u00e1 m\u00e1s? Desc\u00fabrelo.","breadcrumb":{"@id":"https:\/\/www.top5credits.com\/es\/articulos\/bajara-el-precio-de-la-vivienda-en-espana\/#breadcrumb"},"inLanguage":"es","potentialAction":[{"@type":"ReadAction","target":["https:\/\/www.top5credits.com\/es\/articulos\/bajara-el-precio-de-la-vivienda-en-espana\/"]}]},{"@type":"ImageObject","inLanguage":"es","@id":"https:\/\/www.top5credits.com\/es\/articulos\/bajara-el-precio-de-la-vivienda-en-espana\/#primaryimage","url":"https:\/\/cdn.top5credits.com\/es\/wp-content\/uploads\/sites\/8\/2020\/06\/bajar\u00e1-el-precio-de-la-vivienda.jpg?cdn=1.1.1","contentUrl":"https:\/\/cdn.top5credits.com\/es\/wp-content\/uploads\/sites\/8\/2020\/06\/bajar\u00e1-el-precio-de-la-vivienda.jpg?cdn=1.1.1","width":1280,"height":853,"caption":"bajada precio vivienda"},{"@type":"BreadcrumbList","@id":"https:\/\/www.top5credits.com\/es\/articulos\/bajara-el-precio-de-la-vivienda-en-espana\/#breadcrumb","itemListElement":[{"@type":"ListItem","position":1,"name":"Top5Credits.com","item":"https:\/\/www.top5credits.com\/es\/"},{"@type":"ListItem","position":2,"name":"Art\u00edculos","item":"https:\/\/www.top5credits.com\/es\/articulos\/"},{"@type":"ListItem","position":3,"name":"\u00bfBajar\u00e1 el precio de la vivienda en Espa\u00f1a?"}]},{"@type":"WebSite","@id":"https:\/\/www.top5credits.com\/es\/#website","url":"https:\/\/www.top5credits.com\/es\/","name":"Top5Credits.com Espa\u00f1a","description":"","publisher":{"@id":"https:\/\/www.top5credits.com\/es\/#organization"},"potentialAction":[{"@type":"SearchAction","target":{"@type":"EntryPoint","urlTemplate":"https:\/\/www.top5credits.com\/es\/?s={search_term_string}"},"query-input":{"@type":"PropertyValueSpecification","valueRequired":true,"valueName":"search_term_string"}}],"inLanguage":"es"},{"@type":"Organization","@id":"https:\/\/www.top5credits.com\/es\/#organization","name":"Top5Credits.com","url":"https:\/\/www.top5credits.com\/es\/","logo":{"@type":"ImageObject","inLanguage":"es","@id":"https:\/\/www.top5credits.com\/es\/#\/schema\/logo\/image\/","url":"https:\/\/cdn.top5credits.com\/es\/wp-content\/uploads\/sites\/8\/2023\/10\/t5c-favicon.png","contentUrl":"https:\/\/cdn.top5credits.com\/es\/wp-content\/uploads\/sites\/8\/2023\/10\/t5c-favicon.png","width":512,"height":512,"caption":"Top5Credits.com"},"image":{"@id":"https:\/\/www.top5credits.com\/es\/#\/schema\/logo\/image\/"},"sameAs":["https:\/\/www.facebook.com\/Top5Creditscom-Espa\u00f1a-109158667157057"]},{"@type":"Person","@id":"https:\/\/www.top5credits.com\/es\/#\/schema\/person\/0c7d80985d360536fbadde1795becf08","name":"Ad\u00e1n","description":"Apasionado por el arte, la actualidad y la escritura. Con a\u00f1os de experiencia en finanzas y seguros, compaginado con varias colaboraciones con medios como Vice Espa\u00f1a y Movistar+.","url":"https:\/\/www.top5credits.com\/es\/author\/adan\/"}]}},"_links":{"self":[{"href":"https:\/\/www.top5credits.com\/es\/wp-json\/wp\/v2\/posts\/3457","targetHints":{"allow":["GET"]}}],"collection":[{"href":"https:\/\/www.top5credits.com\/es\/wp-json\/wp\/v2\/posts"}],"about":[{"href":"https:\/\/www.top5credits.com\/es\/wp-json\/wp\/v2\/types\/post"}],"author":[{"embeddable":true,"href":"https:\/\/www.top5credits.com\/es\/wp-json\/wp\/v2\/users\/13"}],"replies":[{"embeddable":true,"href":"https:\/\/www.top5credits.com\/es\/wp-json\/wp\/v2\/comments?post=3457"}],"version-history":[{"count":0,"href":"https:\/\/www.top5credits.com\/es\/wp-json\/wp\/v2\/posts\/3457\/revisions"}],"wp:featuredmedia":[{"embeddable":true,"href":"https:\/\/www.top5credits.com\/es\/wp-json\/wp\/v2\/media\/3461"}],"wp:attachment":[{"href":"https:\/\/www.top5credits.com\/es\/wp-json\/wp\/v2\/media?parent=3457"}],"wp:term":[{"taxonomy":"category","embeddable":true,"href":"https:\/\/www.top5credits.com\/es\/wp-json\/wp\/v2\/categories?post=3457"},{"taxonomy":"post_tag","embeddable":true,"href":"https:\/\/www.top5credits.com\/es\/wp-json\/wp\/v2\/tags?post=3457"}],"curies":[{"name":"wp","href":"https:\/\/api.w.org\/{rel}","templated":true}]}}